{"id":6315,"date":"2023-01-10T07:49:38","date_gmt":"2023-01-10T07:49:38","guid":{"rendered":"https:\/\/pts.org.pl\/?p=6315"},"modified":"2023-01-10T07:51:11","modified_gmt":"2023-01-10T07:51:11","slug":"konkursna-najlepszy-foto-esej-foto-reportaz-socjologiczny-roku-xiii-edycja-konkursu-fotograficznego-przegladu-socjologii-jakosciowej-widok-cudzego-cierpienia","status":"publish","type":"post","link":"https:\/\/pts.org.pl\/en\/konkursna-najlepszy-foto-esej-foto-reportaz-socjologiczny-roku-xiii-edycja-konkursu-fotograficznego-przegladu-socjologii-jakosciowej-widok-cudzego-cierpienia\/","title":{"rendered":"Konkurs na najlepszy foto-esej\/foto-reporta\u017c socjologiczny roku"},"content":{"rendered":"<div class=\"fcbkbttn_buttons_block\" id=\"fcbkbttn_left\"><div class=\"fcbkbttn_button\">\n                            <a href=\"https:\/\/www.facebook.com\/\" target=\"_blank\">\n                                <img src=\"https:\/\/pts.org.pl\/wp-content\/plugins\/facebook-button-plugin\/images\/standard-facebook-ico.png\" alt=\"Fb-Button\" \/>\n                            <\/a>\n                        <\/div><div class=\"fcbkbttn_like \"><fb:like href=\"https:\/\/pts.org.pl\/en\/konkursna-najlepszy-foto-esej-foto-reportaz-socjologiczny-roku-xiii-edycja-konkursu-fotograficznego-przegladu-socjologii-jakosciowej-widok-cudzego-cierpienia\/\" action=\"like\" colorscheme=\"light\" layout=\"button_count\"  size=\"small\"><\/fb:like><\/div><\/div>\n<p><strong>XIII Edycja konkursu fotograficznego Przegl\u0105du Socjologii Jako\u015bciowej &#8220;WIDOK CUDZEGO CIERPIENIA&#8221;<\/strong><\/p>\n\n\n\n<h1><strong>Og\u0142oszenie konkursu<\/strong><\/h1>\n\n\n\n<p>Drodzy Czytelnicy i Sympatycy Przegl\u0105du Socjologii Jako\u015bciowej, Mi\u0142o\u015bnicy Fotografii<br>mamy przyjemno\u015b\u0107 zaprosi\u0107 Was do wzi\u0119cia udzia\u0142u<\/p>\n\n\n\n<p>w&nbsp;<strong>XIII edycji KONKURSU NA NAJLEPSZE ZDJ\u0118CIE LUB FOTO-ESEJ\/FOTO-REPORTA\u017b SOCJOLOGICZNY 2022 ROKU<\/strong><\/p>\n\n\n\n<p>Mottem tegorocznego konkursu jest tytu\u0142 ksi\u0105\u017cki Susan Sontag \u201eWIDOK CUDZEGO CIERPIENIA\u201d. Traktujmy jednak to has\u0142o szeroko. To mo\u017ce by\u0107 widok przewalczenia cierpienia lub wsp\u00f3\u0142czucia i pomocy w cierpieniu. No i do zastanowienia, czy \u201ecudze\u201d mo\u017ce te\u017c oznacza\u0107 nasze. Chyba mo\u017ce. W zale\u017cno\u015bci od Pa\u0144stwa zainteresowa\u0144, prace mog\u0105 dotyczy\u0107 r\u00f3\u017cnych \u015bwiat\u00f3w i grup spo\u0142ecznych oraz zdarze\u0144 dziej\u0105cych si\u0119 w ich obszarze, a kt\u00f3re s\u0105 przedmiotem Waszych zainteresowa\u0144.<\/p>\n\n\n\n<p><em>Zapraszamy do przesy\u0142ania prac<\/em><br>&nbsp;<\/p>\n\n\n\n<h1>Regulamin konkursu<\/h1>\n\n\n\n<p>W konkursie mo\u017ce wzi\u0105\u0107 udzia\u0142 ka\u017cdy badacz, student socjologii lub kierunk\u00f3w pokrewnych, a tak\u017ce fotograf formalnie niezwi\u0105zany z \u017cadn\u0105 instytucj\u0105 edukacyjn\u0105 lub badawcz\u0105, lecz zaintresowany problematyk\u0105 spo\u0142eczn\u0105. Szczeg\u00f3lnie zapraszamy osoby, kt\u00f3re (chocia\u017c nie jest to warunek konieczny) wykorzystuj\u0105 zdj\u0119cia w pracy badawczej i\/lub edukacyjnej.<br>Zdj\u0119cia powinny by\u0107 nades\u0142ane w formie elektronicznej na adres:&nbsp;<a href=\"mailto:psj.konkurs@gmail.com\">psj.konkurs@gmail.com<\/a><br>&nbsp;<br>Ostateczny termin nadsy\u0142ania prac &#8211;&nbsp;<strong>28.02.2023<\/strong><br>Rozstrzygni\u0119cie konkursu nast\u0105pi do dnia&nbsp;<strong>31.03.2022<\/strong><br>&nbsp;<br>Szczeg\u00f3\u0142owy regulamin konkursu:&nbsp;<a href=\"http:\/\/www.qualitativesociologyreview.org\/PL\/download\/konkurs_foto_regulamin_2022.pdf\">REGULAMIN (PDF)<\/a><br>O\u015bwiadczenie autora:&nbsp;<a href=\"http:\/\/www.qualitativesociologyreview.org\/PL\/download\/konkurs_foto_oswiadczenie.pdf\">OSWIADCZENIE (PDF)<\/a><br>&nbsp;<\/p>\n\n\n\n<h1>Organizator<\/h1>\n\n\n\n<p>Przegl\u0105d Socjologii Jako\u015bciowej<br>&nbsp;<\/p>\n\n\n\n<h1>Patronat<\/h1>\n\n\n\n<p>Sekcja Socjologii Jako\u015bciowej i Symbolicznego Interakcjonizmu PTS<br>&nbsp;<\/p>\n\n\n\n<h1>Informacje o konkursie<\/h1>\n\n\n\n<p>Wszelkie zapytania prosimy kierowa\u0107 na adres:&nbsp;<a href=\"mailto:psj.konkurs@gmail.com\">psj.konkurs@gmail.com<\/a><\/p>\n","protected":false},"excerpt":{"rendered":"<p>XIII Edycja konkursu fotograficznego Przegl\u0105du Socjologii Jako\u015bciowej &#8220;WIDOK CUDZEGO CIERPIENIA&#8221; Og\u0142oszenie konkursu Drodzy Czytelnicy i Sympatycy Przegl\u0105du Socjologii Jako\u015bciowej, Mi\u0142o\u015bnicy Fotografiimamy przyjemno\u015b\u0107 zaprosi\u0107 Was do wzi\u0119cia udzia\u0142u w&nbsp;XIII edycji KONKURSU NA NAJLEPSZE ZDJ\u0118CIE LUB FOTO-ESEJ\/FOTO-REPORTA\u017b SOCJOLOGICZNY 2022 ROKU Mottem tegorocznego konkursu jest tytu\u0142 ksi\u0105\u017cki Susan Sontag \u201eWIDOK CUDZEGO CIERPIENIA\u201d. Traktujmy jednak to has\u0142o szeroko. To [&hellip;]<\/p>\n","protected":false},"author":11,"featured_media":0,"comment_status":"open","ping_status":"open","sticky":false,"template":"","format":"standard","meta":[],"categories":[],"tags":[],"_links":{"self":[{"href":"https:\/\/pts.org.pl\/en\/wp-json\/wp\/v2\/posts\/6315"}],"collection":[{"href":"https:\/\/pts.org.pl\/en\/wp-json\/wp\/v2\/posts"}],"about":[{"href":"https:\/\/pts.org.pl\/en\/wp-json\/wp\/v2\/types\/post"}],"author":[{"embeddable":true,"href":"https:\/\/pts.org.pl\/en\/wp-json\/wp\/v2\/users\/11"}],"replies":[{"embeddable":true,"href":"https:\/\/pts.org.pl\/en\/wp-json\/wp\/v2\/comments?post=6315"}],"version-history":[{"count":2,"href":"https:\/\/pts.org.pl\/en\/wp-json\/wp\/v2\/posts\/6315\/revisions"}],"predecessor-version":[{"id":6318,"href":"https:\/\/pts.org.pl\/en\/wp-json\/wp\/v2\/posts\/6315\/revisions\/6318"}],"wp:attachment":[{"href":"https:\/\/pts.org.pl\/en\/wp-json\/wp\/v2\/media?parent=6315"}],"wp:term":[{"taxonomy":"category","embeddable":true,"href":"https:\/\/pts.org.pl\/en\/wp-json\/wp\/v2\/categories?post=6315"},{"taxonomy":"post_tag","embeddable":true,"href":"https:\/\/pts.org.pl\/en\/wp-json\/wp\/v2\/tags?post=6315"}],"curies":[{"name":"wp","href":"https:\/\/api.w.org\/{rel}","templated":true}]}}