{"id":6308,"date":"2022-12-09T18:04:00","date_gmt":"2022-12-09T18:04:00","guid":{"rendered":"https:\/\/pts.org.pl\/?p=6308"},"modified":"2023-01-05T18:44:12","modified_gmt":"2023-01-05T18:44:12","slug":"nagrody-pts-za-2022-rok","status":"publish","type":"post","link":"https:\/\/pts.org.pl\/en\/nagrody-pts-za-2022-rok\/","title":{"rendered":"Nagrody PTS za 2022 rok"},"content":{"rendered":"<div class=\"fcbkbttn_buttons_block\" id=\"fcbkbttn_left\"><div class=\"fcbkbttn_button\">\n                            <a href=\"https:\/\/www.facebook.com\/\" target=\"_blank\">\n                                <img src=\"https:\/\/pts.org.pl\/wp-content\/plugins\/facebook-button-plugin\/images\/standard-facebook-ico.png\" alt=\"Fb-Button\" \/>\n                            <\/a>\n                        <\/div><div class=\"fcbkbttn_like \"><fb:like href=\"https:\/\/pts.org.pl\/en\/nagrody-pts-za-2022-rok\/\" action=\"like\" colorscheme=\"light\" layout=\"button_count\"  size=\"small\"><\/fb:like><\/div><\/div>\n<p>Szanowni Pa\u0144stwo,<\/p>\n\n\n\n<p>Do dnia&nbsp;<strong>31 grudnia 2022&nbsp;roku<\/strong>&nbsp;mo\u017cna sk\u0142ada\u0107 wnioski do nagr\u00f3d PTS:<\/p>\n\n\n\n<p><strong>im. Floriana Znanieckiego&nbsp;<\/strong>(prace obronione w 2022 roku),<strong><\/strong><\/p>\n\n\n\n<p><strong>im. Stanis\u0142awa Ossowskiego (<\/strong>prace opublikowane w roku 2020, 2021 i 2022)<strong>,<\/strong><\/p>\n\n\n\n<p><strong>za najlepsze t\u0142umaczenie pracy socjologicznej\u00a0<\/strong>(prace opublikowane w roku 2021 i 2022),<\/p>\n\n\n\n<p><strong>i do nagrody im. Aleksandra Matejki\u00a0<\/strong>(prace opublikowane w roku 2021 i 2022)<strong>.<\/strong><\/p>\n\n\n\n<div class=\"wp-block-file\"><object class=\"wp-block-file__embed\" data=\"https:\/\/pts.org.pl\/wp-content\/uploads\/2023\/01\/Regulamin-Nagrody-im.-Floriana-Znanieckiego-ze-zmianami-22.02.2019-r..pdf\" type=\"application\/pdf\" style=\"width:100%;height:600px\" aria-label=\"Osadzone z Regulamin-Nagrody-im.-Floriana-Znanieckiego-ze-zmianami-22.02.2019-r..\"><\/object><a href=\"https:\/\/pts.org.pl\/wp-content\/uploads\/2023\/01\/Regulamin-Nagrody-im.-Floriana-Znanieckiego-ze-zmianami-22.02.2019-r..pdf\">Regulamin-Nagrody-im.-Floriana-Znanieckiego-ze-zmianami-22.02.2019-r.<\/a><a href=\"https:\/\/pts.org.pl\/wp-content\/uploads\/2023\/01\/Regulamin-Nagrody-im.-Floriana-Znanieckiego-ze-zmianami-22.02.2019-r..pdf\" class=\"wp-block-file__button\" download>Pobierz<\/a><\/div>\n\n\n\n<div class=\"wp-block-file\"><object class=\"wp-block-file__embed\" data=\"https:\/\/pts.org.pl\/wp-content\/uploads\/2023\/01\/STATUT-NAGRODY-im-S.-OSSOWSKIEGO-zm.-2009.pdf\" type=\"application\/pdf\" style=\"width:100%;height:600px\" aria-label=\"Osadzone z STATUT-NAGRODY-im-S.-OSSOWSKIEGO-zm.-2009.\"><\/object><a href=\"https:\/\/pts.org.pl\/wp-content\/uploads\/2023\/01\/STATUT-NAGRODY-im-S.-OSSOWSKIEGO-zm.-2009.pdf\">STATUT-NAGRODY-im-S.-OSSOWSKIEGO-zm.-2009<\/a><a href=\"https:\/\/pts.org.pl\/wp-content\/uploads\/2023\/01\/STATUT-NAGRODY-im-S.-OSSOWSKIEGO-zm.-2009.pdf\" class=\"wp-block-file__button\" download>Pobierz<\/a><\/div>\n\n\n\n<div class=\"wp-block-file\"><object class=\"wp-block-file__embed\" data=\"https:\/\/pts.org.pl\/wp-content\/uploads\/2023\/01\/2019.09.12-Regulamin-NAGRODA-ZA-NAJLEPSZE-TLUMACZENIE-NAUKOWYCH-TEKSTOW-SOCJOLOGICZNYCH.pdf\" type=\"application\/pdf\" style=\"width:100%;height:600px\" aria-label=\"Osadzone z 2019.09.12-Regulamin-NAGRODA-ZA-NAJLEPSZE-TLUMACZENIE-NAUKOWYCH-TEKSTOW-SOCJOLOGICZNYCH.\"><\/object><a href=\"https:\/\/pts.org.pl\/wp-content\/uploads\/2023\/01\/2019.09.12-Regulamin-NAGRODA-ZA-NAJLEPSZE-TLUMACZENIE-NAUKOWYCH-TEKSTOW-SOCJOLOGICZNYCH.pdf\">2019.09.12-Regulamin-NAGRODA-ZA-NAJLEPSZE-TLUMACZENIE-NAUKOWYCH-TEKSTOW-SOCJOLOGICZNYCH<\/a><a href=\"https:\/\/pts.org.pl\/wp-content\/uploads\/2023\/01\/2019.09.12-Regulamin-NAGRODA-ZA-NAJLEPSZE-TLUMACZENIE-NAUKOWYCH-TEKSTOW-SOCJOLOGICZNYCH.pdf\" class=\"wp-block-file__button\" download>Pobierz<\/a><\/div>\n\n\n\n<div class=\"wp-block-file\"><object class=\"wp-block-file__embed\" data=\"https:\/\/pts.org.pl\/wp-content\/uploads\/2023\/01\/Regulamin-nagrody-im.-Prof.-Aleksandra-Matejki-30.05.2017-r._nowelizacja_2019-06-08.pdf\" type=\"application\/pdf\" style=\"width:100%;height:600px\" aria-label=\"Osadzone z Regulamin-nagrody-im.-Prof.-Aleksandra-Matejki-30.05.2017-r._nowelizacja_2019-06-08.\"><\/object><a href=\"https:\/\/pts.org.pl\/wp-content\/uploads\/2023\/01\/Regulamin-nagrody-im.-Prof.-Aleksandra-Matejki-30.05.2017-r._nowelizacja_2019-06-08.pdf\">Regulamin-nagrody-im.-Prof.-Aleksandra-Matejki-30.05.2017-r._nowelizacja_2019-06-08<\/a><a href=\"https:\/\/pts.org.pl\/wp-content\/uploads\/2023\/01\/Regulamin-nagrody-im.-Prof.-Aleksandra-Matejki-30.05.2017-r._nowelizacja_2019-06-08.pdf\" class=\"wp-block-file__button\" download>Pobierz<\/a><\/div>\n","protected":false},"excerpt":{"rendered":"<p>Szanowni Pa\u0144stwo, Do dnia&nbsp;31 grudnia 2022&nbsp;roku&nbsp;mo\u017cna sk\u0142ada\u0107 wnioski do nagr\u00f3d PTS: im. Floriana Znanieckiego&nbsp;(prace obronione w 2022 roku), im. Stanis\u0142awa Ossowskiego (prace opublikowane w roku 2020, 2021 i 2022), za najlepsze t\u0142umaczenie pracy socjologicznej\u00a0(prace opublikowane w roku 2021 i 2022), i do nagrody im. Aleksandra Matejki\u00a0(prace opublikowane w roku 2021 i 2022).<\/p>\n","protected":false},"author":11,"featured_media":0,"comment_status":"open","ping_status":"open","sticky":false,"template":"","format":"standard","meta":[],"categories":[],"tags":[],"_links":{"self":[{"href":"https:\/\/pts.org.pl\/en\/wp-json\/wp\/v2\/posts\/6308"}],"collection":[{"href":"https:\/\/pts.org.pl\/en\/wp-json\/wp\/v2\/posts"}],"about":[{"href":"https:\/\/pts.org.pl\/en\/wp-json\/wp\/v2\/types\/post"}],"author":[{"embeddable":true,"href":"https:\/\/pts.org.pl\/en\/wp-json\/wp\/v2\/users\/11"}],"replies":[{"embeddable":true,"href":"https:\/\/pts.org.pl\/en\/wp-json\/wp\/v2\/comments?post=6308"}],"version-history":[{"count":2,"href":"https:\/\/pts.org.pl\/en\/wp-json\/wp\/v2\/posts\/6308\/revisions"}],"predecessor-version":[{"id":6314,"href":"https:\/\/pts.org.pl\/en\/wp-json\/wp\/v2\/posts\/6308\/revisions\/6314"}],"wp:attachment":[{"href":"https:\/\/pts.org.pl\/en\/wp-json\/wp\/v2\/media?parent=6308"}],"wp:term":[{"taxonomy":"category","embeddable":true,"href":"https:\/\/pts.org.pl\/en\/wp-json\/wp\/v2\/categories?post=6308"},{"taxonomy":"post_tag","embeddable":true,"href":"https:\/\/pts.org.pl\/en\/wp-json\/wp\/v2\/tags?post=6308"}],"curies":[{"name":"wp","href":"https:\/\/api.w.org\/{rel}","templated":true}]}}