{"id":6305,"date":"2022-12-13T17:58:00","date_gmt":"2022-12-13T17:58:00","guid":{"rendered":"https:\/\/pts.org.pl\/?p=6305"},"modified":"2023-01-05T18:01:43","modified_gmt":"2023-01-05T18:01:43","slug":"zaproszenie-na-seminarium-ukrainscy-uchodzcy-z-niepelnosprawnosciami-w-polsce","status":"publish","type":"post","link":"https:\/\/pts.org.pl\/en\/zaproszenie-na-seminarium-ukrainscy-uchodzcy-z-niepelnosprawnosciami-w-polsce\/","title":{"rendered":"Zaproszenie na seminarium &#8220;Ukrai\u0144scy uchod\u017acy z niepe\u0142nosprawno\u015bciami w Polsce.\u201d"},"content":{"rendered":"<div class=\"fcbkbttn_buttons_block\" id=\"fcbkbttn_left\"><div class=\"fcbkbttn_button\">\n                            <a href=\"https:\/\/www.facebook.com\/\" target=\"_blank\">\n                                <img src=\"https:\/\/pts.org.pl\/wp-content\/plugins\/facebook-button-plugin\/images\/standard-facebook-ico.png\" alt=\"Fb-Button\" \/>\n                            <\/a>\n                        <\/div><div class=\"fcbkbttn_like \"><fb:like href=\"https:\/\/pts.org.pl\/en\/zaproszenie-na-seminarium-ukrainscy-uchodzcy-z-niepelnosprawnosciami-w-polsce\/\" action=\"like\" colorscheme=\"light\" layout=\"button_count\"  size=\"small\"><\/fb:like><\/div><\/div>\n<p>Szanowni Pa\u0144stwo,<\/p>\n\n\n\n<p>Kole\u017canki i Koledzy,<\/p>\n\n\n\n<p>Zak\u0142ad Socjologicznych Analiz Polityk&nbsp;Publicznych, Instytut Stosowanych Nauk Spo\u0142ecznych UW i Sekcja Socjologii Niepe\u0142nosprawno\u015bci PTS maj\u0105&nbsp;przyjemno\u015b\u0107 zaprosi\u0107 Pa\u0144stwa na Seminarium &#8220;Ukrai\u0144scy uchod\u017acy z niepe\u0142nosprawno\u015bciami w Polsce. Praktyki pomocowe w obliczu kryzysu wojennego&#8221;, kt\u00f3re odb\u0119dzie si\u0119 online 15 grudnia 2022 roku od godziny 15.00 do 17.00.<\/p>\n\n\n\n<p>Uczestnictwo w seminarium jest bezp\u0142atne. Wymaga tylko rejestracji na formularzu dost\u0119pnym pod adresem:<\/p>\n\n\n\n<p><a href=\"https:\/\/forms.gle\/tbYDj52cCKUBpbT26\">https:\/\/forms.gle\/tbYDj52cCKUBpbT26<\/a><\/p>\n\n\n\n<p>Wi\u0119cej informacji o wydarzeniu na stronie:&nbsp;<a href=\"https:\/\/fb.me\/e\/6ohgj2r5L\" target=\"_blank\" rel=\"noreferrer noopener\">https:\/\/fb.me\/e\/6ohgj2r5L<\/a><\/p>\n\n\n\n<p>Pozdrawiamy serdecznie,<\/p>\n\n\n\n<p>Organizatorzy Seminarium<\/p>\n\n\n\n<div class=\"wp-block-file\"><object class=\"wp-block-file__embed\" data=\"https:\/\/pts.org.pl\/wp-content\/uploads\/2023\/01\/Seminarium-Polityki-publiczne-w-perspektywie-socjologicznej.pdf\" type=\"application\/pdf\" style=\"width:100%;height:600px\" aria-label=\"Osadzone z Seminarium-Polityki-publiczne-w-perspektywie-socjologicznej.\"><\/object><a href=\"https:\/\/pts.org.pl\/wp-content\/uploads\/2023\/01\/Seminarium-Polityki-publiczne-w-perspektywie-socjologicznej.pdf\">Seminarium-Polityki-publiczne-w-perspektywie-socjologicznej<\/a><a href=\"https:\/\/pts.org.pl\/wp-content\/uploads\/2023\/01\/Seminarium-Polityki-publiczne-w-perspektywie-socjologicznej.pdf\" class=\"wp-block-file__button\" download>Pobierz<\/a><\/div>\n","protected":false},"excerpt":{"rendered":"<p>Szanowni Pa\u0144stwo, Kole\u017canki i Koledzy, Zak\u0142ad Socjologicznych Analiz Polityk&nbsp;Publicznych, Instytut Stosowanych Nauk Spo\u0142ecznych UW i Sekcja Socjologii Niepe\u0142nosprawno\u015bci PTS maj\u0105&nbsp;przyjemno\u015b\u0107 zaprosi\u0107 Pa\u0144stwa na Seminarium &#8220;Ukrai\u0144scy uchod\u017acy z niepe\u0142nosprawno\u015bciami w Polsce. Praktyki pomocowe w obliczu kryzysu wojennego&#8221;, kt\u00f3re odb\u0119dzie si\u0119 online 15 grudnia 2022 roku od godziny 15.00 do 17.00. Uczestnictwo w seminarium jest bezp\u0142atne. Wymaga [&hellip;]<\/p>\n","protected":false},"author":11,"featured_media":0,"comment_status":"open","ping_status":"open","sticky":false,"template":"","format":"standard","meta":[],"categories":[],"tags":[],"_links":{"self":[{"href":"https:\/\/pts.org.pl\/en\/wp-json\/wp\/v2\/posts\/6305"}],"collection":[{"href":"https:\/\/pts.org.pl\/en\/wp-json\/wp\/v2\/posts"}],"about":[{"href":"https:\/\/pts.org.pl\/en\/wp-json\/wp\/v2\/types\/post"}],"author":[{"embeddable":true,"href":"https:\/\/pts.org.pl\/en\/wp-json\/wp\/v2\/users\/11"}],"replies":[{"embeddable":true,"href":"https:\/\/pts.org.pl\/en\/wp-json\/wp\/v2\/comments?post=6305"}],"version-history":[{"count":1,"href":"https:\/\/pts.org.pl\/en\/wp-json\/wp\/v2\/posts\/6305\/revisions"}],"predecessor-version":[{"id":6307,"href":"https:\/\/pts.org.pl\/en\/wp-json\/wp\/v2\/posts\/6305\/revisions\/6307"}],"wp:attachment":[{"href":"https:\/\/pts.org.pl\/en\/wp-json\/wp\/v2\/media?parent=6305"}],"wp:term":[{"taxonomy":"category","embeddable":true,"href":"https:\/\/pts.org.pl\/en\/wp-json\/wp\/v2\/categories?post=6305"},{"taxonomy":"post_tag","embeddable":true,"href":"https:\/\/pts.org.pl\/en\/wp-json\/wp\/v2\/tags?post=6305"}],"curies":[{"name":"wp","href":"https:\/\/api.w.org\/{rel}","templated":true}]}}