{"id":6299,"date":"2022-12-16T19:07:00","date_gmt":"2022-12-16T19:07:00","guid":{"rendered":"https:\/\/pts.org.pl\/?p=6299"},"modified":"2023-01-04T19:12:00","modified_gmt":"2023-01-04T19:12:00","slug":"informacja-o-v-edycji-konkursu-im-anselma-straussa","status":"publish","type":"post","link":"https:\/\/pts.org.pl\/en\/informacja-o-v-edycji-konkursu-im-anselma-straussa\/","title":{"rendered":"Informacja o V edycji Konkursu im. Anselma Straussa"},"content":{"rendered":"<div class=\"fcbkbttn_buttons_block\" id=\"fcbkbttn_left\"><div class=\"fcbkbttn_button\">\n                            <a href=\"https:\/\/www.facebook.com\/\" target=\"_blank\">\n                                <img src=\"https:\/\/pts.org.pl\/wp-content\/plugins\/facebook-button-plugin\/images\/standard-facebook-ico.png\" alt=\"Fb-Button\" \/>\n                            <\/a>\n                        <\/div><div class=\"fcbkbttn_like \"><fb:like href=\"https:\/\/pts.org.pl\/en\/informacja-o-v-edycji-konkursu-im-anselma-straussa\/\" action=\"like\" colorscheme=\"light\" layout=\"button_count\"  size=\"small\"><\/fb:like><\/div><\/div>\n<p>Szanowni Pa\u0144stwo<\/p>\n\n\n\n<p>W imieniu Sekcji Socjologii Jako\u015bciowej i Symbolicznego Interakcjonizmu zapraszamy do nadsy\u0142ania prac do kolejnej, pi\u0105tej ju\u017c edycji Konkursu im. Anselma L.\u00a0Straussa\u00a0na najlepsz\u0105 prac\u0119 z obszaru interakcjonizmu symbolicznego.<br>W konkursie mog\u0105 wzi\u0105\u0107 udzia\u0142 publikacje, kt\u00f3re ukaza\u0142y si\u0119 w latach 2021-2022, zgodnie z regulaminem: \u201ew istotny spos\u00f3b wykorzystuj\u0105\u00a0 i rozwijaj\u0105 perspektyw\u0119 interakcjonizmu symbolicznego\u201d i oparte s\u0105 na empirycznym badaniu jako\u015bciowym lub\/i prezentuj\u0105 analizy teoretyczne lub metodologiczne w tej dziedzinie&#8221;.<br><\/p>\n\n\n\n<p>Zg\u0142oszenie wraz z uzasadnieniem (300-500 wyraz\u00f3w) nale\u017cy przes\u0142a\u0107 na adres elektroniczny:\u00a0<a rel=\"noreferrer noopener\" href=\"mailto:marek.gorzko@gmail.com\" target=\"_blank\">marek.gorzko@gmail.com<\/a>\u00a0lub\u00a0<a rel=\"noreferrer noopener\" href=\"mailto:anna.kacperczyk@gmail.com\" target=\"_blank\">anna.kacperczyk@gmail.com<\/a>\u00a0oraz na adres Redakcji \u201ePrzegl\u0105du Socjologii Jako\u015bciowej\u201d\u00a0<a rel=\"noreferrer noopener\" href=\"mailto:redakcja.psj@gmail.com\" target=\"_blank\">redakcja.psj@gmail.com<\/a>.<br><\/p>\n\n\n\n<p>Termin zg\u0142aszania prac up\u0142ywa 31 grudnia 2022 roku.\u00a0<\/p>\n\n\n\n<p>Pe\u0142ny regulamin konkursu znajduje si\u0119 na stronie Sekcji Socjologii Jako\u015bciowej i Symbolicznego Interakcjonizmu PTS,&nbsp;<a href=\"https:\/\/pts.org.pl\/sekcje\/sekcja-socjologii-jakosciowej-i-si\/\" target=\"_blank\" rel=\"noreferrer noopener\">https:\/\/pts.org.pl\/sekcje\/sekcja-socjologii-jakosciowej-i-si\/<\/a><\/p>\n\n\n\n<p>Z pozdrowieniami<\/p>\n\n\n\n<p>Zarz\u0105d SSJiSI<\/p>\n\n\n\n<div class=\"wp-block-file\"><object class=\"wp-block-file__embed\" data=\"https:\/\/pts.org.pl\/wp-content\/uploads\/2023\/01\/Nagroda-im.-Straussa-2023-V-edycja.pdf\" type=\"application\/pdf\" style=\"width:100%;height:600px\" aria-label=\"Osadzone z Nagroda-im.-Straussa-2023-V-edycja.\"><\/object><a href=\"https:\/\/pts.org.pl\/wp-content\/uploads\/2023\/01\/Nagroda-im.-Straussa-2023-V-edycja.pdf\">Nagroda-im.-Straussa-2023-V-edycja<\/a><a href=\"https:\/\/pts.org.pl\/wp-content\/uploads\/2023\/01\/Nagroda-im.-Straussa-2023-V-edycja.pdf\" class=\"wp-block-file__button\" download>Pobierz<\/a><\/div>\n\n\n\n<p><\/p>\n","protected":false},"excerpt":{"rendered":"<p>Szanowni Pa\u0144stwo W imieniu Sekcji Socjologii Jako\u015bciowej i Symbolicznego Interakcjonizmu zapraszamy do nadsy\u0142ania prac do kolejnej, pi\u0105tej ju\u017c edycji Konkursu im. Anselma L.\u00a0Straussa\u00a0na najlepsz\u0105 prac\u0119 z obszaru interakcjonizmu symbolicznego.W konkursie mog\u0105 wzi\u0105\u0107 udzia\u0142 publikacje, kt\u00f3re ukaza\u0142y si\u0119 w latach 2021-2022, zgodnie z regulaminem: \u201ew istotny spos\u00f3b wykorzystuj\u0105\u00a0 i rozwijaj\u0105 perspektyw\u0119 interakcjonizmu symbolicznego\u201d i oparte s\u0105 [&hellip;]<\/p>\n","protected":false},"author":11,"featured_media":0,"comment_status":"open","ping_status":"open","sticky":false,"template":"","format":"standard","meta":[],"categories":[],"tags":[],"_links":{"self":[{"href":"https:\/\/pts.org.pl\/en\/wp-json\/wp\/v2\/posts\/6299"}],"collection":[{"href":"https:\/\/pts.org.pl\/en\/wp-json\/wp\/v2\/posts"}],"about":[{"href":"https:\/\/pts.org.pl\/en\/wp-json\/wp\/v2\/types\/post"}],"author":[{"embeddable":true,"href":"https:\/\/pts.org.pl\/en\/wp-json\/wp\/v2\/users\/11"}],"replies":[{"embeddable":true,"href":"https:\/\/pts.org.pl\/en\/wp-json\/wp\/v2\/comments?post=6299"}],"version-history":[{"count":1,"href":"https:\/\/pts.org.pl\/en\/wp-json\/wp\/v2\/posts\/6299\/revisions"}],"predecessor-version":[{"id":6301,"href":"https:\/\/pts.org.pl\/en\/wp-json\/wp\/v2\/posts\/6299\/revisions\/6301"}],"wp:attachment":[{"href":"https:\/\/pts.org.pl\/en\/wp-json\/wp\/v2\/media?parent=6299"}],"wp:term":[{"taxonomy":"category","embeddable":true,"href":"https:\/\/pts.org.pl\/en\/wp-json\/wp\/v2\/categories?post=6299"},{"taxonomy":"post_tag","embeddable":true,"href":"https:\/\/pts.org.pl\/en\/wp-json\/wp\/v2\/tags?post=6299"}],"curies":[{"name":"wp","href":"https:\/\/api.w.org\/{rel}","templated":true}]}}