{"id":6296,"date":"2023-01-04T17:12:24","date_gmt":"2023-01-04T17:12:24","guid":{"rendered":"https:\/\/pts.org.pl\/?p=6296"},"modified":"2023-01-04T19:00:30","modified_gmt":"2023-01-04T19:00:30","slug":"ol-pts-zaproszenie-na-drugie-spotkanie-z-cyklu-socjologia-w-wolnosci-12-01-2023","status":"publish","type":"post","link":"https:\/\/pts.org.pl\/en\/ol-pts-zaproszenie-na-drugie-spotkanie-z-cyklu-socjologia-w-wolnosci-12-01-2023\/","title":{"rendered":"O\u0141 PTS &#8211; zaproszenie na drugie spotkanie z cyklu &#8220;Socjologia (w) Wolno\u015bci&#8221;, 12.01.2023"},"content":{"rendered":"<div class=\"fcbkbttn_buttons_block\" id=\"fcbkbttn_left\"><div class=\"fcbkbttn_button\">\n                            <a href=\"https:\/\/www.facebook.com\/\" target=\"_blank\">\n                                <img src=\"https:\/\/pts.org.pl\/wp-content\/plugins\/facebook-button-plugin\/images\/standard-facebook-ico.png\" alt=\"Fb-Button\" \/>\n                            <\/a>\n                        <\/div><div class=\"fcbkbttn_like \"><fb:like href=\"https:\/\/pts.org.pl\/en\/ol-pts-zaproszenie-na-drugie-spotkanie-z-cyklu-socjologia-w-wolnosci-12-01-2023\/\" action=\"like\" colorscheme=\"light\" layout=\"button_count\"  size=\"small\"><\/fb:like><\/div><\/div>\n<p><strong>Oddzia\u0142 \u0141\u00f3dzki Polskiego Towarzystwa Socjologicznego oraz Biblioteka Wolno\u015b\u0107 zapraszaj\u0105 na drugie spotkanie z cyklu&nbsp;<em>Socjologia (w) Wolno\u015bci<\/em><\/strong> <strong>pt. \u201eNiewidzialne i bezimienne?\u201d \u2013 kobiety do\u015bwiadczaj\u0105ce bezdomno\u015bci.<\/strong><\/p>\n\n\n\n<p><strong>Spotkanie odb\u0119dzie si\u0119 w Bibliotece Wolno\u015b\u0107 (Plac Wolno\u015bci 4 w \u0141odzi) 12 stycznia 2023 roku (czwartek) w godzinach 17:00-19:00.<\/strong><\/p>\n\n\n\n<p>W dyskusji poruszone zostan\u0105 kwestie specyfiki bezdomno\u015bci kobiet, sposob\u00f3w \u201eradzenia sobie\u201d z kryzysem bezdomno\u015bci, czy te\u017c r\u00f3\u017cnorodno\u015bci sytuacji bezdomno\u015bci. Uczestniczki dyskusji porozmawiaj\u0105 tak\u017ce o tym, jak m\u0105drze i dobrze pomaga\u0107, jak m\u00f3wi\u0107 o bezdomno\u015bci, a tak\u017ce jak rozmawia\u0107 z osobami, znajduj\u0105cymi si\u0119 w kryzysie bezdomno\u015bci.<\/p>\n\n\n\n<p><strong>Do rozmowy zaproszone zosta\u0142y:<\/strong><\/p>\n\n\n\n<p><strong>Sylwia G\u00f3ra<\/strong>&nbsp;&#8211; kulturoznawczyni, literaturoznawczyni, doktorka nauk humanistycznych, absolwentka Polskiej Szko\u0142y Reporta\u017cu. Autorka ksi\u0105\u017cek \u201e<em>Ewa Kierska. Malarka melancholii&nbsp;<\/em>(2020) oraz \u201eKobiety, kt\u00f3rych nie ma. Bezdomno\u015b\u0107 kobiet w Polsce\u201d (2022). Animatorka kultury, mi\u0142o\u015bniczka literatury pisanej przez kobiety oraz biografii nieznanych i zapomnianych artystek. Stale wsp\u00f3\u0142pracuje z Kultur\u0105 Liberaln\u0105. Specjalistka ds. promocji w Bibliotece Publicznej im. dr. W. Biega\u0144skiego w Cz\u0119stochowie. (wi\u0119cej informacji:&nbsp;<strong><a href=\"https:\/\/pl.linkedin.com\/in\/sylwia-gora\" target=\"_blank\" rel=\"noreferrer noopener\">https:\/\/pl.linkedin.com\/in\/sylwia-gora<\/a><\/strong>)<\/p>\n\n\n\n<p><strong>Ma\u0142gorzata Kostrzy\u0144ska&nbsp;\u2013&nbsp;<\/strong>doktorka, pedago\u017cka spo\u0142eczna. Pracuje w Katedrze Pedagogiki Spo\u0142ecznej i Resocjalizacji na Wydziale Nauk o Wychowaniu U\u0141. Przewodnicz\u0105ca Rady Naukowej Centrum Inicjatyw Spo\u0142ecznych U\u0141. Jej zainteresowania naukowe dotycz\u0105 wy\u0142\u0105czania i w\u0142\u0105czania spo\u0142ecznego, stygmatyzacji, bezdomno\u015bci, empowermentu, streetworkingu. Od 2021 r. w&nbsp;sk\u0142adzie Rady ds. Rozwi\u0105zywania Problemu Bezdomno\u015bci przy Prezydencie Miasta \u0141odzi jako wiceprzewodnicz\u0105ca Rady. Koordynowa\u0142a projekt \u201eSkrzynka Domni-Bezdomni\u201d, wsp\u00f3\u0142realizowa\u0142a projekt fotograficzny \u201e\u0141\u00f3d\u017a (dla) Bezdomnych\u201d. Prowadzi badania spo\u0142ecznie zaanga\u017cowane, \u0142\u0105cz\u0105c badania rzeczywisto\u015bci os\u00f3b do\u015bwiadczaj\u0105cych bezdomno\u015bci z dzia\u0142aniami na rzecz jej zmiany. Autorka m.in. \u201eProces stowarzyszania si\u0119 w&nbsp;kontek\u015bcie mieszanych sytuacji spo\u0142ecznych\u201d (2017); Pi\u0119tno w procesie demokratyzacji. Przyk\u0142ad bezdomno\u015bci (2022). (wi\u0119cej informacji:&nbsp;<strong><a href=\"https:\/\/www.cein.uni.lodz.pl\/\" target=\"_blank\" rel=\"noreferrer noopener\">https:\/\/www.cein.uni.lodz.pl\/<\/a>)<\/strong><\/p>\n\n\n\n<p><strong>Inga Ku\u017ama&nbsp;\u2013&nbsp;<\/strong>profesorka U\u0141, kierowniczka Pracowni Antropologii Praktycznej w Instytucie Etnologii i Antropologii Kulturowej na Wydziale Filozoficzno-Historycznym U\u0141, kierowniczka Centrum Innowacji Spo\u0142ecznych U\u0141. Uprawia antropologi\u0119 zaanga\u017cowan\u0105 i&nbsp;interwencyjn\u0105, interesuje j\u0105 antropologia w&nbsp;jej odmianie publicznej. Cz\u0142onkini zarz\u0105du Fundacji \u0141\u00f3dzki Szlak Kobiet, dzia\u0142a\u0142a w&nbsp;KDO ds. polityki lokalowej w&nbsp;\u0141odzi i&nbsp;koordynowa\u0142a dzia\u0142alno\u015b\u0107 \u0141\u00f3dzkiego Partnerstwa Pomocy w&nbsp;sytuacji Wykluczenia i&nbsp;Bezdomno\u015bci (2014-2018). Od 2021 r. w&nbsp;sk\u0142adzie Rady ds. Rozwi\u0105zywania Problemu Bezdomno\u015bci przy Prezydencie Miasta \u0141odzi. Autorka m.in. \u201eDomy bezdomnych. Badania sytuacji kryzysowych\u201d (\u0141\u00f3d\u017a 2015); \u201eWsp\u00f3\u0142czesna religijno\u015b\u0107 kobiet. Antropologia do\u015bwiadczenia\u201d (Wroc\u0142aw 2008). (wi\u0119cej informacji:&nbsp;<strong><a href=\"https:\/\/www.cein.uni.lodz.pl\/\" target=\"_blank\" rel=\"noreferrer noopener\">https:\/\/www.cein.uni.lodz.pl\/<\/a>)<\/strong><\/p>\n\n\n\n<p><strong>Link do wydarzenia na Facebooku:\u00a0<\/strong><\/p>\n\n\n\n<p><a rel=\"noreferrer noopener\" href=\"https:\/\/www.facebook.com\/events\/6721252494557841\/\" target=\"_blank\"><strong>https:\/\/www.facebook.com\/events\/6721252494557841\/<\/strong><\/a><\/p>\n\n\n\n<p>Spotkanie ma charakter otwarty. Zapraszamy serdecznie!<\/p>\n","protected":false},"excerpt":{"rendered":"<p>Oddzia\u0142 \u0141\u00f3dzki Polskiego Towarzystwa Socjologicznego oraz Biblioteka Wolno\u015b\u0107 zapraszaj\u0105 na drugie spotkanie z cyklu&nbsp;Socjologia (w) Wolno\u015bci pt. \u201eNiewidzialne i bezimienne?\u201d \u2013 kobiety do\u015bwiadczaj\u0105ce bezdomno\u015bci. Spotkanie odb\u0119dzie si\u0119 w Bibliotece Wolno\u015b\u0107 (Plac Wolno\u015bci 4 w \u0141odzi) 12 stycznia 2023 roku (czwartek) w godzinach 17:00-19:00. W dyskusji poruszone zostan\u0105 kwestie specyfiki bezdomno\u015bci kobiet, sposob\u00f3w \u201eradzenia sobie\u201d z [&hellip;]<\/p>\n","protected":false},"author":11,"featured_media":0,"comment_status":"open","ping_status":"open","sticky":false,"template":"","format":"standard","meta":[],"categories":[],"tags":[],"_links":{"self":[{"href":"https:\/\/pts.org.pl\/en\/wp-json\/wp\/v2\/posts\/6296"}],"collection":[{"href":"https:\/\/pts.org.pl\/en\/wp-json\/wp\/v2\/posts"}],"about":[{"href":"https:\/\/pts.org.pl\/en\/wp-json\/wp\/v2\/types\/post"}],"author":[{"embeddable":true,"href":"https:\/\/pts.org.pl\/en\/wp-json\/wp\/v2\/users\/11"}],"replies":[{"embeddable":true,"href":"https:\/\/pts.org.pl\/en\/wp-json\/wp\/v2\/comments?post=6296"}],"version-history":[{"count":2,"href":"https:\/\/pts.org.pl\/en\/wp-json\/wp\/v2\/posts\/6296\/revisions"}],"predecessor-version":[{"id":6298,"href":"https:\/\/pts.org.pl\/en\/wp-json\/wp\/v2\/posts\/6296\/revisions\/6298"}],"wp:attachment":[{"href":"https:\/\/pts.org.pl\/en\/wp-json\/wp\/v2\/media?parent=6296"}],"wp:term":[{"taxonomy":"category","embeddable":true,"href":"https:\/\/pts.org.pl\/en\/wp-json\/wp\/v2\/categories?post=6296"},{"taxonomy":"post_tag","embeddable":true,"href":"https:\/\/pts.org.pl\/en\/wp-json\/wp\/v2\/tags?post=6296"}],"curies":[{"name":"wp","href":"https:\/\/api.w.org\/{rel}","templated":true}]}}