{"id":6290,"date":"2022-12-23T20:57:00","date_gmt":"2022-12-23T20:57:00","guid":{"rendered":"https:\/\/pts.org.pl\/?p=6290"},"modified":"2023-01-01T18:27:21","modified_gmt":"2023-01-01T18:27:21","slug":"odeszla-maria-ofierska","status":"publish","type":"post","link":"https:\/\/pts.org.pl\/en\/odeszla-maria-ofierska\/","title":{"rendered":"Odesz\u0142a Maria Ofierska"},"content":{"rendered":"<div class=\"fcbkbttn_buttons_block\" id=\"fcbkbttn_left\"><div class=\"fcbkbttn_button\">\n                            <a href=\"https:\/\/www.facebook.com\/\" target=\"_blank\">\n                                <img src=\"https:\/\/pts.org.pl\/wp-content\/plugins\/facebook-button-plugin\/images\/standard-facebook-ico.png\" alt=\"Fb-Button\" \/>\n                            <\/a>\n                        <\/div><div class=\"fcbkbttn_like \"><fb:like href=\"https:\/\/pts.org.pl\/en\/odeszla-maria-ofierska\/\" action=\"like\" colorscheme=\"light\" layout=\"button_count\"  size=\"small\"><\/fb:like><\/div><\/div>\n<p>Ze smutkiem zawiadamiamy o odej\u015bciu Marii Ofierskiej, socjolo\u017cki, wieloletniej redaktorki Pa\u0144stwowego Wydawnictwa Naukowego, gdzie w latach 1963-1977 kierowa\u0142a Redakcj\u0105 Socjologiczn\u0105. W latach 1981-1993 w Pa\u0144stwowym Instytucie Wydawniczym zajmowa\u0142a si\u0119 s\u0142ynn\u0105 seri\u0105 Biblioteka My\u015bli Wsp\u00f3\u0142czesnej. Zawdzi\u0119czamy Jej wydanie wielu dzie\u0142 socjologii \u015bwiatowej i polskiej.<\/p>\n\n\n\n<p>Polskie Towarzystwo Socjologiczne<\/p>\n\n\n\n<div class=\"wp-block-file\"><object class=\"wp-block-file__embed\" data=\"https:\/\/pts.org.pl\/wp-content\/uploads\/2022\/12\/studia_socjologiczne_2012_nr3_s.197_201.pdf\" type=\"application\/pdf\" style=\"width:100%;height:600px\" aria-label=\"Osadzone z studia_socjologiczne_2012_nr3_s.197_201.\"><\/object><a href=\"https:\/\/pts.org.pl\/wp-content\/uploads\/2022\/12\/studia_socjologiczne_2012_nr3_s.197_201.pdf\">studia_socjologiczne_2012_nr3_s.197_201<\/a><a href=\"https:\/\/pts.org.pl\/wp-content\/uploads\/2022\/12\/studia_socjologiczne_2012_nr3_s.197_201.pdf\" class=\"wp-block-file__button\" download>Pobierz<\/a><\/div>\n","protected":false},"excerpt":{"rendered":"<p>Ze smutkiem zawiadamiamy o odej\u015bciu Marii Ofierskiej, socjolo\u017cki, wieloletniej redaktorki Pa\u0144stwowego Wydawnictwa Naukowego, gdzie w latach 1963-1977 kierowa\u0142a Redakcj\u0105 Socjologiczn\u0105. W latach 1981-1993 w Pa\u0144stwowym Instytucie Wydawniczym zajmowa\u0142a si\u0119 s\u0142ynn\u0105 seri\u0105 Biblioteka My\u015bli Wsp\u00f3\u0142czesnej. Zawdzi\u0119czamy Jej wydanie wielu dzie\u0142 socjologii \u015bwiatowej i polskiej. Polskie Towarzystwo Socjologiczne<\/p>\n","protected":false},"author":11,"featured_media":0,"comment_status":"open","ping_status":"open","sticky":false,"template":"","format":"standard","meta":[],"categories":[],"tags":[],"_links":{"self":[{"href":"https:\/\/pts.org.pl\/en\/wp-json\/wp\/v2\/posts\/6290"}],"collection":[{"href":"https:\/\/pts.org.pl\/en\/wp-json\/wp\/v2\/posts"}],"about":[{"href":"https:\/\/pts.org.pl\/en\/wp-json\/wp\/v2\/types\/post"}],"author":[{"embeddable":true,"href":"https:\/\/pts.org.pl\/en\/wp-json\/wp\/v2\/users\/11"}],"replies":[{"embeddable":true,"href":"https:\/\/pts.org.pl\/en\/wp-json\/wp\/v2\/comments?post=6290"}],"version-history":[{"count":2,"href":"https:\/\/pts.org.pl\/en\/wp-json\/wp\/v2\/posts\/6290\/revisions"}],"predecessor-version":[{"id":6294,"href":"https:\/\/pts.org.pl\/en\/wp-json\/wp\/v2\/posts\/6290\/revisions\/6294"}],"wp:attachment":[{"href":"https:\/\/pts.org.pl\/en\/wp-json\/wp\/v2\/media?parent=6290"}],"wp:term":[{"taxonomy":"category","embeddable":true,"href":"https:\/\/pts.org.pl\/en\/wp-json\/wp\/v2\/categories?post=6290"},{"taxonomy":"post_tag","embeddable":true,"href":"https:\/\/pts.org.pl\/en\/wp-json\/wp\/v2\/tags?post=6290"}],"curies":[{"name":"wp","href":"https:\/\/api.w.org\/{rel}","templated":true}]}}