{"id":6288,"date":"2023-01-02T08:56:14","date_gmt":"2023-01-02T08:56:14","guid":{"rendered":"https:\/\/pts.org.pl\/?p=6288"},"modified":"2023-01-02T08:56:16","modified_gmt":"2023-01-02T08:56:16","slug":"tablica-ossowskich-na-zoliborzu","status":"publish","type":"post","link":"https:\/\/pts.org.pl\/en\/tablica-ossowskich-na-zoliborzu\/","title":{"rendered":"Tablica Ossowskich na \u017boliborzu"},"content":{"rendered":"<div class=\"fcbkbttn_buttons_block\" id=\"fcbkbttn_left\"><div class=\"fcbkbttn_button\">\n                            <a href=\"https:\/\/www.facebook.com\/\" target=\"_blank\">\n                                <img src=\"https:\/\/pts.org.pl\/wp-content\/plugins\/facebook-button-plugin\/images\/standard-facebook-ico.png\" alt=\"Fb-Button\" \/>\n                            <\/a>\n                        <\/div><div class=\"fcbkbttn_like \"><fb:like href=\"https:\/\/pts.org.pl\/en\/tablica-ossowskich-na-zoliborzu\/\" action=\"like\" colorscheme=\"light\" layout=\"button_count\"  size=\"small\"><\/fb:like><\/div><\/div>\n<p>10 XII 2022 r. w Warszawie, na \u017boliborzu, przy ul. Krasi\u0144skiego 16, na budynku WSM, w kt\u00f3rym w l. 1932-1974 mieszkali Maria i Stanis\u0142aw Ossowski zosta\u0142a ods\u0142oni\u0119ta tablica im po\u015bwi\u0119cona. Zawis\u0142a z inicjatywy grona \u017boliborzan i Polskiego Towarzystwa Socjologicznego, wspartej przez Urz\u0105d Dzielnicy \u017boliborz oraz darczy\u0144c\u0119, kt\u00f3ry pragnie pozosta\u0107 anonimowy.<\/p>\n\n\n\n<figure class=\"wp-block-image size-full\"><img loading=\"lazy\" width=\"285\" height=\"379\" src=\"https:\/\/pts.org.pl\/wp-content\/uploads\/2022\/12\/Tablica.gif\" alt=\"\" class=\"wp-image-6289\"\/><\/figure>\n\n\n\n<p>Na nieformaln\u0105 uroczysto\u015b\u0107 przysz\u0142o ponad 50 os\u00f3b, wiele z nich nie widzia\u0142o si\u0119 od dawna. Prowadz\u0105cy spotkanie Antoni Su\u0142ek powiedzia\u0142, \u017ce \u201eOssowscy to ludzie idei wci\u0105\u017c \u017cywych. Jedna idea to \u201ebrak pos\u0142usze\u0144stwa w my\u015bleniu\u201d. Ten brak nie jest deficytem, lecz cnot\u0105, nie tylko ludzi nauki, lecz og\u00f3\u0142u ludzi my\u015bl\u0105cych. Druga idea to afirmacja godno\u015bci ludzkiej, szacunek do wszystkich ludzi, do ka\u017cdego cz\u0142owieka, tak\u017ce Innego\u201d. Krzysztof Kici\u0144ski, ucze\u0144 Marii Ossowskiej, w \u201es\u0142owie od socjologii\u201d przypomnia\u0142 Ossowskich oraz grono ludzi, kt\u00f3rzy przewin\u0119li si\u0119 przez ich mieszkanie jako uczestnicy seminarium domowego w okresie stalinowskim, gdy socjologia na UW zosta\u0142a zlikwidowana. Jaros\u0142aw Abramow, &nbsp;mieszkaj\u0105cy w Kanadzie&nbsp; autor wspomnie\u0144 \u201eLwy z naszego podw\u00f3rka\u201d, w \u201es\u0142owie od \u017boliborza\u201d, przypomnia\u0142 wk\u0142ad Ossowskich w \u017cycie osiedla, w ratowanie \u017byd\u00f3w i zachowanie niezale\u017cno\u015bci socjologii jako nauki; wpadaj\u0105c w podnios\u0142\u0105 retoryk\u0119 zestawi\u0142 Oss\u00f3w z 1920 r. z mieszkaniem Ossowskich w latach stalinizmu.<\/p>\n\n\n\n<p>Tablic\u0119 ods\u0142oni\u0142y: El\u017cbieta Neyman, przyjaci\u00f3\u0142ka domu Ossowskich i edytorka ich korespondencji oraz Barbara Hruszowiec, prezeska zarz\u0105du WSM Warszawa \u2013 \u017boliborz Centralny. Po czym pod tablic\u0105 z\u0142o\u017cono kwiaty, wieniec od PTS z\u0142o\u017cy\u0142 Miko\u0142aj Pawlak, wiceprzewodnicz\u0105cy.<\/p>\n\n\n\n<p>Ilustrowan\u0105 relacj\u0119 z uroczysto\u015bci zamie\u015bci\u0142a sto\u0142eczna&nbsp; \u201eGazeta Wyborcza\u201d: <a href=\"https:\/\/warszawa.wyborcza.pl\/warszawa\/7,54420,29247294,tablica-na-zoliborzu-upamietnia-wybitnych-socjologow.html\">https:\/\/warszawa.wyborcza.pl\/warszawa\/7,54420,29247294,tablica-na-zoliborzu-upamietnia-wybitnych-socjologow.html<\/a>.<em>&nbsp;&nbsp;&nbsp;&nbsp;&nbsp;&nbsp;&nbsp;&nbsp;&nbsp;&nbsp;&nbsp;&nbsp;&nbsp;&nbsp;&nbsp;&nbsp;&nbsp;&nbsp;&nbsp;&nbsp;&nbsp;&nbsp;&nbsp;&nbsp;&nbsp;&nbsp;&nbsp;&nbsp;&nbsp;&nbsp;&nbsp;&nbsp;&nbsp;&nbsp;&nbsp;&nbsp;&nbsp;&nbsp;&nbsp;&nbsp;&nbsp;&nbsp;&nbsp;&nbsp;&nbsp;&nbsp;&nbsp;&nbsp;&nbsp;&nbsp;&nbsp;&nbsp;&nbsp;&nbsp;&nbsp;&nbsp;&nbsp;&nbsp;&nbsp;&nbsp;&nbsp;&nbsp;&nbsp;&nbsp;&nbsp;&nbsp;&nbsp;&nbsp;&nbsp;&nbsp;&nbsp;&nbsp;&nbsp;&nbsp;&nbsp;&nbsp;&nbsp;&nbsp;&nbsp;&nbsp;&nbsp;&nbsp;&nbsp;&nbsp;&nbsp;&nbsp;&nbsp;&nbsp;&nbsp;&nbsp;&nbsp;&nbsp;&nbsp;&nbsp;&nbsp;&nbsp;&nbsp;&nbsp;&nbsp;&nbsp;&nbsp;&nbsp;&nbsp;&nbsp;<\/em><\/p>\n","protected":false},"excerpt":{"rendered":"<p>10 XII 2022 r. w Warszawie, na \u017boliborzu, przy ul. Krasi\u0144skiego 16, na budynku WSM, w kt\u00f3rym w l. 1932-1974 mieszkali Maria i Stanis\u0142aw Ossowski zosta\u0142a ods\u0142oni\u0119ta tablica im po\u015bwi\u0119cona. Zawis\u0142a z inicjatywy grona \u017boliborzan i Polskiego Towarzystwa Socjologicznego, wspartej przez Urz\u0105d Dzielnicy \u017boliborz oraz darczy\u0144c\u0119, kt\u00f3ry pragnie pozosta\u0107 anonimowy. Na nieformaln\u0105 uroczysto\u015b\u0107 przysz\u0142o ponad [&hellip;]<\/p>\n","protected":false},"author":11,"featured_media":0,"comment_status":"open","ping_status":"open","sticky":false,"template":"","format":"standard","meta":[],"categories":[],"tags":[],"_links":{"self":[{"href":"https:\/\/pts.org.pl\/en\/wp-json\/wp\/v2\/posts\/6288"}],"collection":[{"href":"https:\/\/pts.org.pl\/en\/wp-json\/wp\/v2\/posts"}],"about":[{"href":"https:\/\/pts.org.pl\/en\/wp-json\/wp\/v2\/types\/post"}],"author":[{"embeddable":true,"href":"https:\/\/pts.org.pl\/en\/wp-json\/wp\/v2\/users\/11"}],"replies":[{"embeddable":true,"href":"https:\/\/pts.org.pl\/en\/wp-json\/wp\/v2\/comments?post=6288"}],"version-history":[{"count":1,"href":"https:\/\/pts.org.pl\/en\/wp-json\/wp\/v2\/posts\/6288\/revisions"}],"predecessor-version":[{"id":6295,"href":"https:\/\/pts.org.pl\/en\/wp-json\/wp\/v2\/posts\/6288\/revisions\/6295"}],"wp:attachment":[{"href":"https:\/\/pts.org.pl\/en\/wp-json\/wp\/v2\/media?parent=6288"}],"wp:term":[{"taxonomy":"category","embeddable":true,"href":"https:\/\/pts.org.pl\/en\/wp-json\/wp\/v2\/categories?post=6288"},{"taxonomy":"post_tag","embeddable":true,"href":"https:\/\/pts.org.pl\/en\/wp-json\/wp\/v2\/tags?post=6288"}],"curies":[{"name":"wp","href":"https:\/\/api.w.org\/{rel}","templated":true}]}}