{"id":6286,"date":"2022-12-15T17:39:21","date_gmt":"2022-12-15T17:39:21","guid":{"rendered":"https:\/\/pts.org.pl\/?p=6286"},"modified":"2022-12-15T17:39:42","modified_gmt":"2022-12-15T17:39:42","slug":"zmarl-andrzej-tyszka","status":"publish","type":"post","link":"https:\/\/pts.org.pl\/en\/zmarl-andrzej-tyszka\/","title":{"rendered":"Zmar\u0142 Andrzej Tyszka"},"content":{"rendered":"<div class=\"fcbkbttn_buttons_block\" id=\"fcbkbttn_left\"><div class=\"fcbkbttn_button\">\n                            <a href=\"https:\/\/www.facebook.com\/\" target=\"_blank\">\n                                <img src=\"https:\/\/pts.org.pl\/wp-content\/plugins\/facebook-button-plugin\/images\/standard-facebook-ico.png\" alt=\"Fb-Button\" \/>\n                            <\/a>\n                        <\/div><div class=\"fcbkbttn_like \"><fb:like href=\"https:\/\/pts.org.pl\/en\/zmarl-andrzej-tyszka\/\" action=\"like\" colorscheme=\"light\" layout=\"button_count\"  size=\"small\"><\/fb:like><\/div><\/div>\n<p>Urodzony w 1934 roku, w 1965 uko\u0144czy\u0142 socjologi\u0119 na Uniwersytecie Warszawskim. Pracowa\u0142 najpierw w warszawskiej AWF, utrzymuj\u0105c zwi\u0105zek z UW. W 1969 roku podj\u0105\u0142 prac\u0119 na Karowej, w Zak\u0142adzie Socjologii Kultury, a gdy Zak\u0142ad obj\u0119\u0142a prof. Antonina K\u0142oskowska, sta\u0142 si\u0119 jej bliskim wsp\u00f3\u0142pracownikiem. W 1970 roku uzyska\u0142 doktorat, a w 1981 habilitacj\u0119, dopuszczon\u0105 do druku dopiero w 1987 roku jako Interesy i idea\u0142y kultury. W 2000 roku przeszed\u0142 na emerytur\u0119.<br><\/p>\n\n\n\n<p>By\u0142 wnikliwym badaczem kultury, kt\u00f3r\u0105 rozumia\u0142 jako \u201ekult warto\u015bci\u201d i pionierem bada\u0144 styl\u00f3w \u017cycia (Uczestnictwo w kulturze: o r\u00f3\u017cnorodno\u015bci styl\u00f3w \u017cycia, 1971). Na \u201eus\u0142ugowych\u201d zaj\u0119ciach z \u201epodstaw\u201d czego\u015b tam &#8211; uczy\u0142 student\u00f3w socjologii kultury.<br><\/p>\n\n\n\n<p>By\u0142 przyjacielem ludzi i patriot\u0105 \u201ema\u0142ych ojczyzn\u201d, swojej w\u0142asnej Podkowy Le\u015bnej i innych, animowa\u0142 ich \u017cycie spo\u0142eczne i kultur\u0119.<br><\/p>\n\n\n\n<p>By\u0142 cz\u0142owiekiem wra\u017cliwym i niepokornym w my\u015bleniu, wsp\u00f3\u0142za\u0142o\u017cycielem podziemnego Towarzystwa Kurs\u00f3w Naukowych, w stanie wojennym internowanym w pomorskim Jaworzu. Wspomnienie w\u0142asne: na przedwio\u015bniu 1981 r. b\u0119d\u0105c wicedyrektorem Instytutu Socjologii pojecha\u0142em do Jaworza \u2013 odwiedzi\u0107 jego pracownik\u00f3w: Andrzeja Celi\u0144skiego, Grzegorza Lindenberga i Andrzeja Tyszk\u0119. Nocna podr\u00f3\u017c by\u0142a d\u0142uga i m\u0119cz\u0105ca, ale jaka\u017c by\u0142a nagroda: nigdy nie s\u0105dzi\u0142em, \u017ce sam widok \u201edyrektora\u201d mo\u017ce sprawi\u0107 \u201epracownikom\u201d tyle rado\u015bci! Mam to w oczach.<\/p>\n\n\n\n<p><em>Antoni Su\u0142ek<\/em><\/p>\n\n\n\n<p><a rel=\"noreferrer noopener\" href=\"https:\/\/www.podkowalesna-tppl.pl\/aktualnosci\/zmarl-prof-andrzej-tyszka\/\" target=\"_blank\">Wspomnienie z Ma\u0142ej Ojczyzny<\/a><\/p>\n","protected":false},"excerpt":{"rendered":"<p>Urodzony w 1934 roku, w 1965 uko\u0144czy\u0142 socjologi\u0119 na Uniwersytecie Warszawskim. Pracowa\u0142 najpierw w warszawskiej AWF, utrzymuj\u0105c zwi\u0105zek z UW. W 1969 roku podj\u0105\u0142 prac\u0119 na Karowej, w Zak\u0142adzie Socjologii Kultury, a gdy Zak\u0142ad obj\u0119\u0142a prof. Antonina K\u0142oskowska, sta\u0142 si\u0119 jej bliskim wsp\u00f3\u0142pracownikiem. W 1970 roku uzyska\u0142 doktorat, a w 1981 habilitacj\u0119, dopuszczon\u0105 do druku [&hellip;]<\/p>\n","protected":false},"author":11,"featured_media":0,"comment_status":"open","ping_status":"open","sticky":false,"template":"","format":"standard","meta":[],"categories":[],"tags":[],"_links":{"self":[{"href":"https:\/\/pts.org.pl\/en\/wp-json\/wp\/v2\/posts\/6286"}],"collection":[{"href":"https:\/\/pts.org.pl\/en\/wp-json\/wp\/v2\/posts"}],"about":[{"href":"https:\/\/pts.org.pl\/en\/wp-json\/wp\/v2\/types\/post"}],"author":[{"embeddable":true,"href":"https:\/\/pts.org.pl\/en\/wp-json\/wp\/v2\/users\/11"}],"replies":[{"embeddable":true,"href":"https:\/\/pts.org.pl\/en\/wp-json\/wp\/v2\/comments?post=6286"}],"version-history":[{"count":1,"href":"https:\/\/pts.org.pl\/en\/wp-json\/wp\/v2\/posts\/6286\/revisions"}],"predecessor-version":[{"id":6287,"href":"https:\/\/pts.org.pl\/en\/wp-json\/wp\/v2\/posts\/6286\/revisions\/6287"}],"wp:attachment":[{"href":"https:\/\/pts.org.pl\/en\/wp-json\/wp\/v2\/media?parent=6286"}],"wp:term":[{"taxonomy":"category","embeddable":true,"href":"https:\/\/pts.org.pl\/en\/wp-json\/wp\/v2\/categories?post=6286"},{"taxonomy":"post_tag","embeddable":true,"href":"https:\/\/pts.org.pl\/en\/wp-json\/wp\/v2\/tags?post=6286"}],"curies":[{"name":"wp","href":"https:\/\/api.w.org\/{rel}","templated":true}]}}