{"id":6272,"date":"2022-12-07T14:31:40","date_gmt":"2022-12-07T14:31:40","guid":{"rendered":"https:\/\/pts.org.pl\/?p=6272"},"modified":"2022-12-07T14:31:42","modified_gmt":"2022-12-07T14:31:42","slug":"uwiklanie-w-badania-spoleczne-zaproszenie","status":"publish","type":"post","link":"https:\/\/pts.org.pl\/en\/uwiklanie-w-badania-spoleczne-zaproszenie\/","title":{"rendered":"Uwik\u0142anie w badania spo\u0142eczne &#8211; zaproszenie"},"content":{"rendered":"<div class=\"fcbkbttn_buttons_block\" id=\"fcbkbttn_left\"><div class=\"fcbkbttn_button\">\n                            <a href=\"https:\/\/www.facebook.com\/\" target=\"_blank\">\n                                <img src=\"https:\/\/pts.org.pl\/wp-content\/plugins\/facebook-button-plugin\/images\/standard-facebook-ico.png\" alt=\"Fb-Button\" \/>\n                            <\/a>\n                        <\/div><div class=\"fcbkbttn_like \"><fb:like href=\"https:\/\/pts.org.pl\/en\/uwiklanie-w-badania-spoleczne-zaproszenie\/\" action=\"like\" colorscheme=\"light\" layout=\"button_count\"  size=\"small\"><\/fb:like><\/div><\/div>\n<p>Szanowni Pa\u0144stwo,&nbsp;<\/p>\n\n\n\n<p>w imieniu Oddzia\u0142u Krakowskiego Polskiego Towarzystwa Socjologicznego, Zak\u0142adu Intersekcjonalnych Bada\u0144 Spo\u0142ecznych Instytutu Socjologii UJ oraz Biura Rzeczniczki Prawi i Warto\u015bci Akademickich UJ, a tak\u017ce Dzia\u0142u ds. Bezpiecze\u0144stwa i R\u00f3wnego Traktowania Bezpieczni UJ serdecznie zapraszamy na dyskusje i warsztaty &#8220;<strong>Uwik\u0142anie w badania spo\u0142eczne. Metodologia, etyka i emocje w do\u015bwiadczeniu badaczk i badaczy<\/strong>&#8220;, kt\u00f3re odb\u0119d\u0105 si\u0119 w dniach&nbsp;<strong>9 i 10 grudnia 2022&nbsp;<\/strong>roku w Instytucie Socjologii UJ.&nbsp;<\/p>\n\n\n\n<p>Szczeg\u00f3\u0142owy opis dyskusji i warsztat\u00f3w dost\u0119pny jest na stronie:&nbsp;<a href=\"https:\/\/sway.office.com\/WIgGToduMEKnHyvV?ref=Link\" target=\"_blank\" rel=\"noreferrer noopener\">https:\/\/sway.office.com\/WIgGToduMEKnHyvV?ref=Link<\/a>&nbsp;<\/p>\n\n\n\n<p>Wydarzenie na FB:&nbsp;<a href=\"https:\/\/www.facebook.com\/events\/2964912640321160\" target=\"_blank\" rel=\"noreferrer noopener\">https:\/\/www.facebook.com\/events\/2964912640321160<\/a><\/p>\n\n\n\n<p><strong>Uwik\u0142anie w badania spo\u0142eczne. Metodologia, etyka i emocje w do\u015bwiadczeniu badaczk i badaczy<\/strong><\/p>\n\n\n\n<p>Wojna w Ukrainie, gwa\u0142ty wojenne, systemowa przemoc na granicy polsko-bia\u0142oruskiej, ograniczanie praw reprodukcyjnych i przemoc wobec kobiet, wzrost kontroli pa\u0144stwa, represje policyjne czy presja ze strony radykalnych grup prawicowych \u2013 to w ostatnich miesi\u0105cach tematy b\u0119d\u0105ce przedmiotem zar\u00f3wno publicznej debaty, jak i naszych bada\u0144. Coraz cz\u0119\u015bciej w tym kontek\u015bcie nasuwaj\u0105 si\u0119 pytania o formalne i oddolne strategie wparcia badaczek i badaczy, dla kt\u00f3rych badane zagadnienia s\u0105 cz\u0119\u015bci\u0105 profesjonalnego i nierzadko osobistego \u017cycia, o sposoby zapewnienia bezpiecze\u0144stwa im i osobom badanym, a tak\u017ce o bezpiecze\u0144stwo zebranych danych. Panel po\u015bwi\u0119cony b\u0119dzie wymianie do\u015bwiadcze\u0144 i dyskusji o mo\u017cliwych rozwi\u0105zaniach na przysz\u0142o\u015b\u0107.<\/p>\n\n\n\n<p>Pytania, kt\u00f3re sobie zadamy brzmi\u0105:<\/p>\n\n\n\n<ul><li>Jakie s\u0105 nasze do\u015bwiadczenia na gruncie socjologii?<\/li><li>Jakie s\u0105 mo\u017cliwe rozwi\u0105zania wspieraj\u0105ce badaczki i badaczy, np. jak w tym kontek\u015bcie powinny dzia\u0142a\u0107 komisje etyczne; czy w grantach mo\u017cna przewidzie\u0107 superwizj\u0119 dla zespo\u0142u badawczego; jak mog\u0105 sobie radzi\u0107 badaczki i badacze realizuj\u0105cy indywidualne projekty badawcze (np. w ramach doktoratu)?<\/li><li>Wreszcie, jak zaanga\u017cowanie na rzecz zmiany wp\u0142ywa na przyj\u0119te metodologie i dokonywane w procesie badawczym wybory etyczne? Z jak\u0105 prac\u0105 emocjonaln\u0105 si\u0119 wi\u0105\u017ce?<\/li><\/ul>\n\n\n\n<p>Podsumowuj\u0105c, chcemy zastanowi\u0107 si\u0119, jak bada\u0107 tych, z kt\u00f3rymi si\u0119 nie zgadzamy, a jak tych, z kt\u00f3rymi bywa nam z r\u00f3\u017cnych wzgl\u0119d\u00f3w nie\u201epo drodze\u201d. Jak\u0105 cen\u0119 p\u0142ac\u0105 badacze i badaczki za podejmowanie temat\u00f3w wyj\u0105tkowo obci\u0105\u017caj\u0105cych i jak socjologiczne \u015brodowisko mog\u0142oby ich w pracy wesprze\u0107? Sesja ta ma s\u0142u\u017cy\u0107 wymianie do\u015bwiadcze\u0144, dyskusji nad dylematami, przed jakimi stawali\u015bmy czy stawa\u0142y\u015bmy w badaniach. Chcemy si\u0119 te\u017c zastanowi\u0107, jak te do\u015bwiadczenia mog\u0105 wp\u0142yn\u0105\u0107 na wybierane metodologie, jak i dydaktyk\u0119 socjologiczn\u0105 (np. sylabusy metodologicznych kurs\u00f3w).<\/p>\n\n\n\n<p>Serdecznie zapraszamy!<\/p>\n\n\n\n<p>W imieniu Zarz\u0105du OK PTS<\/p>\n\n\n\n<p>Justyna Struzik&nbsp;<\/p>\n\n\n\n<p>Zarz\u0105d Oddzia\u0142u Krakowskiego<\/p>\n\n\n\n<p>Polskiego Towarzystwa Socjologicznego<\/p>\n","protected":false},"excerpt":{"rendered":"<p>Szanowni Pa\u0144stwo,&nbsp; w imieniu Oddzia\u0142u Krakowskiego Polskiego Towarzystwa Socjologicznego, Zak\u0142adu Intersekcjonalnych Bada\u0144 Spo\u0142ecznych Instytutu Socjologii UJ oraz Biura Rzeczniczki Prawi i Warto\u015bci Akademickich UJ, a tak\u017ce Dzia\u0142u ds. Bezpiecze\u0144stwa i R\u00f3wnego Traktowania Bezpieczni UJ serdecznie zapraszamy na dyskusje i warsztaty &#8220;Uwik\u0142anie w badania spo\u0142eczne. Metodologia, etyka i emocje w do\u015bwiadczeniu badaczk i badaczy&#8220;, kt\u00f3re odb\u0119d\u0105 [&hellip;]<\/p>\n","protected":false},"author":11,"featured_media":0,"comment_status":"open","ping_status":"open","sticky":false,"template":"","format":"standard","meta":[],"categories":[],"tags":[],"_links":{"self":[{"href":"https:\/\/pts.org.pl\/en\/wp-json\/wp\/v2\/posts\/6272"}],"collection":[{"href":"https:\/\/pts.org.pl\/en\/wp-json\/wp\/v2\/posts"}],"about":[{"href":"https:\/\/pts.org.pl\/en\/wp-json\/wp\/v2\/types\/post"}],"author":[{"embeddable":true,"href":"https:\/\/pts.org.pl\/en\/wp-json\/wp\/v2\/users\/11"}],"replies":[{"embeddable":true,"href":"https:\/\/pts.org.pl\/en\/wp-json\/wp\/v2\/comments?post=6272"}],"version-history":[{"count":1,"href":"https:\/\/pts.org.pl\/en\/wp-json\/wp\/v2\/posts\/6272\/revisions"}],"predecessor-version":[{"id":6273,"href":"https:\/\/pts.org.pl\/en\/wp-json\/wp\/v2\/posts\/6272\/revisions\/6273"}],"wp:attachment":[{"href":"https:\/\/pts.org.pl\/en\/wp-json\/wp\/v2\/media?parent=6272"}],"wp:term":[{"taxonomy":"category","embeddable":true,"href":"https:\/\/pts.org.pl\/en\/wp-json\/wp\/v2\/categories?post=6272"},{"taxonomy":"post_tag","embeddable":true,"href":"https:\/\/pts.org.pl\/en\/wp-json\/wp\/v2\/tags?post=6272"}],"curies":[{"name":"wp","href":"https:\/\/api.w.org\/{rel}","templated":true}]}}