{"id":6266,"date":"2022-12-07T14:17:02","date_gmt":"2022-12-07T14:17:02","guid":{"rendered":"https:\/\/pts.org.pl\/?p=6266"},"modified":"2022-12-07T14:19:18","modified_gmt":"2022-12-07T14:19:18","slug":"3-seminarium-naukowe-sekcji-socjologii-zdrowia-i-medycyny-pts","status":"publish","type":"post","link":"https:\/\/pts.org.pl\/en\/3-seminarium-naukowe-sekcji-socjologii-zdrowia-i-medycyny-pts\/","title":{"rendered":"3.Seminarium Naukowe Sekcji Socjologii Zdrowia i Medycyny PTS"},"content":{"rendered":"<div class=\"fcbkbttn_buttons_block\" id=\"fcbkbttn_left\"><div class=\"fcbkbttn_button\">\n                            <a href=\"https:\/\/www.facebook.com\/\" target=\"_blank\">\n                                <img src=\"https:\/\/pts.org.pl\/wp-content\/plugins\/facebook-button-plugin\/images\/standard-facebook-ico.png\" alt=\"Fb-Button\" \/>\n                            <\/a>\n                        <\/div><div class=\"fcbkbttn_like \"><fb:like href=\"https:\/\/pts.org.pl\/en\/3-seminarium-naukowe-sekcji-socjologii-zdrowia-i-medycyny-pts\/\" action=\"like\" colorscheme=\"light\" layout=\"button_count\"  size=\"small\"><\/fb:like><\/div><\/div>\n<p>Kole\u017canki i Koledzy,<\/p>\n\n\n\n<p>serdecznie zapraszamy na 3<strong>.Seminarium Naukowe Sekcji Socjologii Zdrowia i Medycyny PTS<\/strong>.<\/p>\n\n\n\n<p>Temat seminarium:<strong><em> Pomi\u0119dzy kontestacj\u0105 a konformizmem. Analiza segmentacyjna polskich postaw w czasie II fali koronawirusa<\/em><\/strong><\/p>\n\n\n\n<p>Prelegentami b\u0119d\u0105\u00a0dr\u00a0<strong>hab. n. spo\u0142. Micha\u0142 Wr\u00f3blewski, prof. UMK<\/strong>\u00a0oraz\u00a0<strong>mgr Andrzej Meler<\/strong>\u00a0z\u00a0Instytutu Socjologii\u00a0 Uniwersytetu Miko\u0142aja Kopernika w Toruniu.<\/p>\n\n\n\n<p>Seminarium odb\u0119dzie si\u0119 w formie\u00a0<strong>on-line w dniu 12 grudnia 2022 roku, pocz\u0105tek o godzinie 18.00<\/strong><\/p>\n\n\n\n<p>Link do spotkania: <\/p>\n\n\n\n<p><a rel=\"noreferrer noopener\" href=\"https:\/\/us06web.zoom.us\/j\/89259198315?pwd=MFlFV05FcTFDcTJqTlFBRngzZmlFZz09\" target=\"_blank\">https:\/\/us06web.zoom.us\/j\/89259198315?pwd=MFlFV05FcTFDcTJqTlFBRngzZmlFZz09<\/a><\/p>\n\n\n\n<p>Meeting ID: 892 5919 8315<\/p>\n\n\n\n<p>Passcode: 621651\u00a0<\/p>\n\n\n\n<p>Wi\u0119cej informacji znajduje si\u0119 w za\u0142\u0105czonym programie.\u00a0<\/p>\n\n\n\n<p>Serdecznie zapraszamy!<\/p>\n\n\n\n<p>Zarz\u0105d SSZiM PTS<\/p>\n\n\n\n<div class=\"wp-block-file\"><object class=\"wp-block-file__embed\" data=\"https:\/\/pts.org.pl\/wp-content\/uploads\/2022\/12\/3.-SEMINARIUM-SSZIM-PROGRAM.pdf\" type=\"application\/pdf\" style=\"width:100%;height:600px\" aria-label=\"Osadzone z 3.-SEMINARIUM-SSZIM-PROGRAM.\"><\/object><a href=\"https:\/\/pts.org.pl\/wp-content\/uploads\/2022\/12\/3.-SEMINARIUM-SSZIM-PROGRAM.pdf\">3.-SEMINARIUM-SSZIM-PROGRAM<\/a><a href=\"https:\/\/pts.org.pl\/wp-content\/uploads\/2022\/12\/3.-SEMINARIUM-SSZIM-PROGRAM.pdf\" class=\"wp-block-file__button\" download>Pobierz<\/a><\/div>\n","protected":false},"excerpt":{"rendered":"<p>Kole\u017canki i Koledzy, serdecznie zapraszamy na 3.Seminarium Naukowe Sekcji Socjologii Zdrowia i Medycyny PTS. Temat seminarium: Pomi\u0119dzy kontestacj\u0105 a konformizmem. Analiza segmentacyjna polskich postaw w czasie II fali koronawirusa Prelegentami b\u0119d\u0105\u00a0dr\u00a0hab. n. spo\u0142. Micha\u0142 Wr\u00f3blewski, prof. UMK\u00a0oraz\u00a0mgr Andrzej Meler\u00a0z\u00a0Instytutu Socjologii\u00a0 Uniwersytetu Miko\u0142aja Kopernika w Toruniu. Seminarium odb\u0119dzie si\u0119 w formie\u00a0on-line w dniu 12 grudnia 2022 [&hellip;]<\/p>\n","protected":false},"author":11,"featured_media":0,"comment_status":"open","ping_status":"open","sticky":false,"template":"","format":"standard","meta":[],"categories":[],"tags":[],"_links":{"self":[{"href":"https:\/\/pts.org.pl\/en\/wp-json\/wp\/v2\/posts\/6266"}],"collection":[{"href":"https:\/\/pts.org.pl\/en\/wp-json\/wp\/v2\/posts"}],"about":[{"href":"https:\/\/pts.org.pl\/en\/wp-json\/wp\/v2\/types\/post"}],"author":[{"embeddable":true,"href":"https:\/\/pts.org.pl\/en\/wp-json\/wp\/v2\/users\/11"}],"replies":[{"embeddable":true,"href":"https:\/\/pts.org.pl\/en\/wp-json\/wp\/v2\/comments?post=6266"}],"version-history":[{"count":3,"href":"https:\/\/pts.org.pl\/en\/wp-json\/wp\/v2\/posts\/6266\/revisions"}],"predecessor-version":[{"id":6271,"href":"https:\/\/pts.org.pl\/en\/wp-json\/wp\/v2\/posts\/6266\/revisions\/6271"}],"wp:attachment":[{"href":"https:\/\/pts.org.pl\/en\/wp-json\/wp\/v2\/media?parent=6266"}],"wp:term":[{"taxonomy":"category","embeddable":true,"href":"https:\/\/pts.org.pl\/en\/wp-json\/wp\/v2\/categories?post=6266"},{"taxonomy":"post_tag","embeddable":true,"href":"https:\/\/pts.org.pl\/en\/wp-json\/wp\/v2\/tags?post=6266"}],"curies":[{"name":"wp","href":"https:\/\/api.w.org\/{rel}","templated":true}]}}