{"id":6263,"date":"2022-12-07T13:52:41","date_gmt":"2022-12-07T13:52:41","guid":{"rendered":"https:\/\/pts.org.pl\/?p=6263"},"modified":"2022-12-07T13:52:44","modified_gmt":"2022-12-07T13:52:44","slug":"zapraszamy-na-spotkanie-sas-pts-wokol-ksiazki-katarzyny-waniek","status":"publish","type":"post","link":"https:\/\/pts.org.pl\/en\/zapraszamy-na-spotkanie-sas-pts-wokol-ksiazki-katarzyny-waniek\/","title":{"rendered":"Zapraszamy na spotkanie SAS PTS wok\u00f3\u0142 ksi\u0105\u017cki Katarzyny Waniek"},"content":{"rendered":"<div class=\"fcbkbttn_buttons_block\" id=\"fcbkbttn_left\"><div class=\"fcbkbttn_button\">\n                            <a href=\"https:\/\/www.facebook.com\/\" target=\"_blank\">\n                                <img src=\"https:\/\/pts.org.pl\/wp-content\/plugins\/facebook-button-plugin\/images\/standard-facebook-ico.png\" alt=\"Fb-Button\" \/>\n                            <\/a>\n                        <\/div><div class=\"fcbkbttn_like \"><fb:like href=\"https:\/\/pts.org.pl\/en\/zapraszamy-na-spotkanie-sas-pts-wokol-ksiazki-katarzyny-waniek\/\" action=\"like\" colorscheme=\"light\" layout=\"button_count\"  size=\"small\"><\/fb:like><\/div><\/div>\n<p>Szanowni Pa\u0144stwo,<\/p>\n\n\n\n<p>W dniu 13 grudnia b.r. o godz. 17.00 zapraszamy na spotkanie SAS PTS i IEiAK UW po\u015bwi\u0119cone monografii Katarzyny Waniek\u00a0<strong><em>Ucieczka jako przyczyna mobilno\u015bci Europejczyk\u00f3w. Socjolingwistycznie ugruntowana analiza proces\u00f3w spo\u0142ecznych w relacjach autobiograficznych<\/em><\/strong>\u00a0wyr\u00f3\u017cnionej w konkursie SAS PTS \u201eBadanie antropologiczne roku 2021\u201d.<\/p>\n\n\n\n<p>Spotkanie odb\u0119dzie si\u0119 w Warszawie w Instytucie Etnologii i Antropologii Kulturowej UW. Wi\u0119cej szczeg\u00f3\u0142\u00f3w &#8211; w za\u0142\u0105czniku.<\/p>\n\n\n\n<p>Z powa\u017caniem,<\/p>\n\n\n\n<p>Zarz\u0105d SAS PTS<\/p>\n\n\n\n<div class=\"wp-block-file\"><object class=\"wp-block-file__embed\" data=\"https:\/\/pts.org.pl\/wp-content\/uploads\/2022\/12\/Konkurs-SAS-PTS_Spotkanie-z-K.-Waniek_INFO.pdf\" type=\"application\/pdf\" style=\"width:100%;height:600px\" aria-label=\"Osadzone z Konkurs-SAS-PTS_Spotkanie-z-K.-Waniek_INFO.\"><\/object><a href=\"https:\/\/pts.org.pl\/wp-content\/uploads\/2022\/12\/Konkurs-SAS-PTS_Spotkanie-z-K.-Waniek_INFO.pdf\">Konkurs-SAS-PTS_Spotkanie-z-K.-Waniek_INFO<\/a><a href=\"https:\/\/pts.org.pl\/wp-content\/uploads\/2022\/12\/Konkurs-SAS-PTS_Spotkanie-z-K.-Waniek_INFO.pdf\" class=\"wp-block-file__button\" download>Pobierz<\/a><\/div>\n","protected":false},"excerpt":{"rendered":"<p>Szanowni Pa\u0144stwo, W dniu 13 grudnia b.r. o godz. 17.00 zapraszamy na spotkanie SAS PTS i IEiAK UW po\u015bwi\u0119cone monografii Katarzyny Waniek\u00a0Ucieczka jako przyczyna mobilno\u015bci Europejczyk\u00f3w. Socjolingwistycznie ugruntowana analiza proces\u00f3w spo\u0142ecznych w relacjach autobiograficznych\u00a0wyr\u00f3\u017cnionej w konkursie SAS PTS \u201eBadanie antropologiczne roku 2021\u201d. Spotkanie odb\u0119dzie si\u0119 w Warszawie w Instytucie Etnologii i Antropologii Kulturowej UW. Wi\u0119cej [&hellip;]<\/p>\n","protected":false},"author":11,"featured_media":0,"comment_status":"open","ping_status":"open","sticky":false,"template":"","format":"standard","meta":[],"categories":[],"tags":[],"_links":{"self":[{"href":"https:\/\/pts.org.pl\/en\/wp-json\/wp\/v2\/posts\/6263"}],"collection":[{"href":"https:\/\/pts.org.pl\/en\/wp-json\/wp\/v2\/posts"}],"about":[{"href":"https:\/\/pts.org.pl\/en\/wp-json\/wp\/v2\/types\/post"}],"author":[{"embeddable":true,"href":"https:\/\/pts.org.pl\/en\/wp-json\/wp\/v2\/users\/11"}],"replies":[{"embeddable":true,"href":"https:\/\/pts.org.pl\/en\/wp-json\/wp\/v2\/comments?post=6263"}],"version-history":[{"count":1,"href":"https:\/\/pts.org.pl\/en\/wp-json\/wp\/v2\/posts\/6263\/revisions"}],"predecessor-version":[{"id":6265,"href":"https:\/\/pts.org.pl\/en\/wp-json\/wp\/v2\/posts\/6263\/revisions\/6265"}],"wp:attachment":[{"href":"https:\/\/pts.org.pl\/en\/wp-json\/wp\/v2\/media?parent=6263"}],"wp:term":[{"taxonomy":"category","embeddable":true,"href":"https:\/\/pts.org.pl\/en\/wp-json\/wp\/v2\/categories?post=6263"},{"taxonomy":"post_tag","embeddable":true,"href":"https:\/\/pts.org.pl\/en\/wp-json\/wp\/v2\/tags?post=6263"}],"curies":[{"name":"wp","href":"https:\/\/api.w.org\/{rel}","templated":true}]}}