{"id":6256,"date":"2022-12-02T10:30:56","date_gmt":"2022-12-02T10:30:56","guid":{"rendered":"https:\/\/pts.org.pl\/?p=6256"},"modified":"2022-12-02T10:30:58","modified_gmt":"2022-12-02T10:30:58","slug":"odsloniecie-tablicy-pamiatkowej-poswieconej-marii-ossowskiej-1896-1974-i-stanislawowi-ossowskiemu-1897-1963","status":"publish","type":"post","link":"https:\/\/pts.org.pl\/en\/odsloniecie-tablicy-pamiatkowej-poswieconej-marii-ossowskiej-1896-1974-i-stanislawowi-ossowskiemu-1897-1963\/","title":{"rendered":"Ods\u0142oni\u0119cie tablicy pami\u0105tkowej po\u015bwi\u0119conej Marii Ossowskiej (1896 -1974) i Stanis\u0142awowi Ossowskiemu (1897-1963)"},"content":{"rendered":"<div class=\"fcbkbttn_buttons_block\" id=\"fcbkbttn_left\"><div class=\"fcbkbttn_button\">\n                            <a href=\"https:\/\/www.facebook.com\/\" target=\"_blank\">\n                                <img src=\"https:\/\/pts.org.pl\/wp-content\/plugins\/facebook-button-plugin\/images\/standard-facebook-ico.png\" alt=\"Fb-Button\" \/>\n                            <\/a>\n                        <\/div><div class=\"fcbkbttn_like \"><fb:like href=\"https:\/\/pts.org.pl\/en\/odsloniecie-tablicy-pamiatkowej-poswieconej-marii-ossowskiej-1896-1974-i-stanislawowi-ossowskiemu-1897-1963\/\" action=\"like\" colorscheme=\"light\" layout=\"button_count\"  size=\"small\"><\/fb:like><\/div><\/div>\n<div class=\"wp-block-file\"><object class=\"wp-block-file__embed\" data=\"https:\/\/pts.org.pl\/wp-content\/uploads\/2022\/12\/Odsloniecie-tablicy-pamiatkowej.pdf\" type=\"application\/pdf\" style=\"width:100%;height:600px\" aria-label=\"Osadzone z Odsloniecie-tablicy-pamiatkowej.\"><\/object><a href=\"https:\/\/pts.org.pl\/wp-content\/uploads\/2022\/12\/Odsloniecie-tablicy-pamiatkowej.pdf\">Odsloniecie-tablicy-pamiatkowej<\/a><a href=\"https:\/\/pts.org.pl\/wp-content\/uploads\/2022\/12\/Odsloniecie-tablicy-pamiatkowej.pdf\" class=\"wp-block-file__button\" download>Pobierz<\/a><\/div>\n","protected":false},"excerpt":{"rendered":"","protected":false},"author":11,"featured_media":0,"comment_status":"open","ping_status":"open","sticky":false,"template":"","format":"standard","meta":[],"categories":[],"tags":[],"_links":{"self":[{"href":"https:\/\/pts.org.pl\/en\/wp-json\/wp\/v2\/posts\/6256"}],"collection":[{"href":"https:\/\/pts.org.pl\/en\/wp-json\/wp\/v2\/posts"}],"about":[{"href":"https:\/\/pts.org.pl\/en\/wp-json\/wp\/v2\/types\/post"}],"author":[{"embeddable":true,"href":"https:\/\/pts.org.pl\/en\/wp-json\/wp\/v2\/users\/11"}],"replies":[{"embeddable":true,"href":"https:\/\/pts.org.pl\/en\/wp-json\/wp\/v2\/comments?post=6256"}],"version-history":[{"count":1,"href":"https:\/\/pts.org.pl\/en\/wp-json\/wp\/v2\/posts\/6256\/revisions"}],"predecessor-version":[{"id":6258,"href":"https:\/\/pts.org.pl\/en\/wp-json\/wp\/v2\/posts\/6256\/revisions\/6258"}],"wp:attachment":[{"href":"https:\/\/pts.org.pl\/en\/wp-json\/wp\/v2\/media?parent=6256"}],"wp:term":[{"taxonomy":"category","embeddable":true,"href":"https:\/\/pts.org.pl\/en\/wp-json\/wp\/v2\/categories?post=6256"},{"taxonomy":"post_tag","embeddable":true,"href":"https:\/\/pts.org.pl\/en\/wp-json\/wp\/v2\/tags?post=6256"}],"curies":[{"name":"wp","href":"https:\/\/api.w.org\/{rel}","templated":true}]}}