{"id":6233,"date":"2022-10-20T08:50:00","date_gmt":"2022-10-20T08:50:00","guid":{"rendered":"https:\/\/pts.org.pl\/?p=6233"},"modified":"2022-10-21T09:00:25","modified_gmt":"2022-10-21T09:00:25","slug":"oddzial-lodzki-pts-zaproszenie-na-spotkanie-28-10-2022-r","status":"publish","type":"post","link":"https:\/\/pts.org.pl\/en\/oddzial-lodzki-pts-zaproszenie-na-spotkanie-28-10-2022-r\/","title":{"rendered":"Oddzia\u0142 \u0141\u00f3dzki PTS &#8211; zaproszenie na spotkanie 28.10.2022 r."},"content":{"rendered":"<div class=\"fcbkbttn_buttons_block\" id=\"fcbkbttn_left\"><div class=\"fcbkbttn_button\">\n                            <a href=\"https:\/\/www.facebook.com\/\" target=\"_blank\">\n                                <img src=\"https:\/\/pts.org.pl\/wp-content\/plugins\/facebook-button-plugin\/images\/standard-facebook-ico.png\" alt=\"Fb-Button\" \/>\n                            <\/a>\n                        <\/div><div class=\"fcbkbttn_like \"><fb:like href=\"https:\/\/pts.org.pl\/en\/oddzial-lodzki-pts-zaproszenie-na-spotkanie-28-10-2022-r\/\" action=\"like\" colorscheme=\"light\" layout=\"button_count\"  size=\"small\"><\/fb:like><\/div><\/div>\n<p>Oddzia\u0142 \u0141\u00f3dzki Polskiego Towarzystwa Socjologicznego oraz Biblioteka Wolno\u015b\u0107 serdecznie zapraszaj\u0105 na cykl spotka\u0144 &#8220;Socjologia (w) Wolno\u015bci. Dialogi nauki z praktyk\u0105.&#8221;<\/p>\n\n\n\n<p>Pierwsze ze spotka\u0144:\u00a0<strong><em>Lokalsi. O w\u0142adzy, mediach i obywatelach w spo\u0142eczno\u015bci lokalnej,\u00a0<\/em><\/strong>odb\u0119dzie si\u0119\u00a0<strong>28 pa\u017adziernika br. (pi\u0105tek) w godzinach 17:30-19:30 w Bibliotece Wolno\u015b\u0107 (Plac Wolno\u015bci 4 w \u0141odzi).<\/strong>\u00a0<\/p>\n\n\n\n<p>Go\u015bciem spotkania b\u0119dzie\u00a0<strong>Andrzej Andrysiak<\/strong>, autor ksi\u0105\u017cki \u201eLokalsi. Nieoficjalna historia pewnego samorz\u0105du\u201d wydanej w tym roku nak\u0142adem Wydawnictwa Krytyki Politycznej.\u00a0Rozm\u00f3wczyni\u0105\u00a0<strong>Andrzeja Andrysiaka<\/strong>\u00a0b\u0119dzie\u00a0<strong>Sylwia M\u0119cfal<\/strong>, kt\u00f3ra lokalnym mediom i ich uwik\u0142aniu w skomplikowan\u0105 gr\u0119 interes\u00f3w politycznych, spo\u0142ecznych i ekonomicznych, po\u015bwi\u0119ci\u0142a kilka lat bada\u0144 terenowych oraz\u00a0ksi\u0105\u017ck\u0119: \u201ePrasa lokalna w relacjach z kluczowymi aktorami spo\u0142ecznymi. Studia przypadk\u00f3w\u201d (WU\u0141\/Universitas\u00a0 2019).\u00a0<\/p>\n\n\n\n<p>Spotkanie poprowadzi\u00a0<strong>Wojciech Wo\u017aniak.<\/strong>\u00a0<\/p>\n\n\n\n<p>Pe\u0142na informacja o spotkaniu: <\/p>\n\n\n\n<div class=\"wp-block-file\"><a href=\"https:\/\/pts.org.pl\/wp-content\/uploads\/2022\/10\/Lokalsi_spotkanie_PTS_Biblioteka-Wolnosc_28.10-1.docx\">Lokalsi_spotkanie_PTS_Biblioteka-Wolnosc_28.10-1<\/a><a href=\"https:\/\/pts.org.pl\/wp-content\/uploads\/2022\/10\/Lokalsi_spotkanie_PTS_Biblioteka-Wolnosc_28.10-1.docx\" class=\"wp-block-file__button\" download>Pobierz<\/a><\/div>\n\n\n\n<p><strong>Link do wydarzenia na Facebooku:\u00a0<\/strong><a rel=\"noreferrer noopener\" href=\"https:\/\/www.facebook.com\/events\/623636586029711\" target=\"_blank\">https:\/\/www.facebook.com\/events\/623636586029711<\/a><\/p>\n\n\n\n<p><\/p>\n\n\n\n<p><\/p>\n","protected":false},"excerpt":{"rendered":"<p>Oddzia\u0142 \u0141\u00f3dzki Polskiego Towarzystwa Socjologicznego oraz Biblioteka Wolno\u015b\u0107 serdecznie zapraszaj\u0105 na cykl spotka\u0144 &#8220;Socjologia (w) Wolno\u015bci. Dialogi nauki z praktyk\u0105.&#8221; Pierwsze ze spotka\u0144:\u00a0Lokalsi. O w\u0142adzy, mediach i obywatelach w spo\u0142eczno\u015bci lokalnej,\u00a0odb\u0119dzie si\u0119\u00a028 pa\u017adziernika br. (pi\u0105tek) w godzinach 17:30-19:30 w Bibliotece Wolno\u015b\u0107 (Plac Wolno\u015bci 4 w \u0141odzi).\u00a0 Go\u015bciem spotkania b\u0119dzie\u00a0Andrzej Andrysiak, autor ksi\u0105\u017cki \u201eLokalsi. Nieoficjalna historia [&hellip;]<\/p>\n","protected":false},"author":11,"featured_media":0,"comment_status":"open","ping_status":"open","sticky":false,"template":"","format":"standard","meta":[],"categories":[],"tags":[],"_links":{"self":[{"href":"https:\/\/pts.org.pl\/en\/wp-json\/wp\/v2\/posts\/6233"}],"collection":[{"href":"https:\/\/pts.org.pl\/en\/wp-json\/wp\/v2\/posts"}],"about":[{"href":"https:\/\/pts.org.pl\/en\/wp-json\/wp\/v2\/types\/post"}],"author":[{"embeddable":true,"href":"https:\/\/pts.org.pl\/en\/wp-json\/wp\/v2\/users\/11"}],"replies":[{"embeddable":true,"href":"https:\/\/pts.org.pl\/en\/wp-json\/wp\/v2\/comments?post=6233"}],"version-history":[{"count":1,"href":"https:\/\/pts.org.pl\/en\/wp-json\/wp\/v2\/posts\/6233\/revisions"}],"predecessor-version":[{"id":6235,"href":"https:\/\/pts.org.pl\/en\/wp-json\/wp\/v2\/posts\/6233\/revisions\/6235"}],"wp:attachment":[{"href":"https:\/\/pts.org.pl\/en\/wp-json\/wp\/v2\/media?parent=6233"}],"wp:term":[{"taxonomy":"category","embeddable":true,"href":"https:\/\/pts.org.pl\/en\/wp-json\/wp\/v2\/categories?post=6233"},{"taxonomy":"post_tag","embeddable":true,"href":"https:\/\/pts.org.pl\/en\/wp-json\/wp\/v2\/tags?post=6233"}],"curies":[{"name":"wp","href":"https:\/\/api.w.org\/{rel}","templated":true}]}}