{"id":6227,"date":"2022-10-21T08:23:16","date_gmt":"2022-10-21T08:23:16","guid":{"rendered":"https:\/\/pts.org.pl\/?p=6227"},"modified":"2022-10-21T08:24:26","modified_gmt":"2022-10-21T08:24:26","slug":"wyniki-vi-edycji-konkursu-o-nagrode-im-prof-elzbiety-tarkowskiej","status":"publish","type":"post","link":"https:\/\/pts.org.pl\/en\/wyniki-vi-edycji-konkursu-o-nagrode-im-prof-elzbiety-tarkowskiej\/","title":{"rendered":"Wyniki VI Edycji Konkursu o nagrod\u0119 im. prof. El\u017cbiety Tarkowskiej"},"content":{"rendered":"<div class=\"fcbkbttn_buttons_block\" id=\"fcbkbttn_left\"><div class=\"fcbkbttn_button\">\n                            <a href=\"https:\/\/www.facebook.com\/\" target=\"_blank\">\n                                <img src=\"https:\/\/pts.org.pl\/wp-content\/plugins\/facebook-button-plugin\/images\/standard-facebook-ico.png\" alt=\"Fb-Button\" \/>\n                            <\/a>\n                        <\/div><div class=\"fcbkbttn_like \"><fb:like href=\"https:\/\/pts.org.pl\/en\/wyniki-vi-edycji-konkursu-o-nagrode-im-prof-elzbiety-tarkowskiej\/\" action=\"like\" colorscheme=\"light\" layout=\"button_count\"  size=\"small\"><\/fb:like><\/div><\/div>\n<p>Laureatk\u0105 VI Edycji Konkursu o nagrod\u0119 im. prof. El\u017cbiety Tarkowskiej zosta\u0142a\u00a0<strong>dr hab. Beata Szluz\u00a0za ksi\u0105\u017ck\u0119 pt.\u00a0\u201ePrzez zamkni\u0119te okno ganku\u201d Opieka nad osob\u0105 z chorob\u0105 Alzheimera w biografiach opiekun\u00f3w rodzinnych&#8221;<\/strong>, opublikowan\u0105 w Wydawnictwie Uniwersytetu Rzeszowskiego w 2021 roku. <\/p>\n\n\n\n<p>W uzasadnieniu Kapitu\u0142y, kt\u00f3ra przyzna\u0142a nagrod\u0119 czytamy: &#8220;Warto\u015bci\u0105 podstawow\u0105 nagrodzonej monografii jest rzetelny opis rzeczywisto\u015bci spo\u0142ecznej opiekun\u00f3w tej kategorii os\u00f3b zale\u017cnych. Na kartach ksi\u0105\u017cki czytelnik znajduje kompletny \u2013 dotycz\u0105cy regulacji prawnych, dost\u0119pnych rozwi\u0105za\u0144 systemowych, relacji z chorymi, z innymi cz\u0142onkami rodziny i z instytucjami pomocowymi &#8211;\u00a0obraz rzeczywisto\u015bci spo\u0142ecznej os\u00f3b pe\u0142ni\u0105cych rol\u0119 opiekuna rodzinnego osoby z chorob\u0105 Alzheimera (&#8230;)\u00a0Autorka dokumentuje ich subiektywne definicje sytuacji, dokonywane wybory i podejmowane dzia\u0142ania, kt\u00f3re waloryzuj\u0105, dynamizuj\u0105 i okre\u015blaj\u0105 ich wszystkie sfery \u017cycia. Do interesuj\u0105cych wynik\u00f3w podj\u0119tych analiz nale\u017cy teza, wedle kt\u00f3rej z \u2018karier\u0105\u2019 opiekuna osoby chorej na Alzheimera trudno jest si\u0119 rozsta\u0107 tak\u017ce i wtedy, gdy dalsza jej realizacja przestaje by\u0107 potrzebna&#8221;.<\/p>\n\n\n\n<figure class=\"wp-block-gallery columns-1 is-cropped\"><ul class=\"blocks-gallery-grid\"><li class=\"blocks-gallery-item\"><figure><img loading=\"lazy\" width=\"1024\" height=\"683\" src=\"https:\/\/pts.org.pl\/wp-content\/uploads\/2022\/10\/Wreczenie-1024x683.jpg\" alt=\"\" data-id=\"6229\" data-full-url=\"https:\/\/pts.org.pl\/wp-content\/uploads\/2022\/10\/Wreczenie.jpg\" data-link=\"https:\/\/pts.org.pl\/?attachment_id=6229\" class=\"wp-image-6229\" srcset=\"https:\/\/pts.org.pl\/wp-content\/uploads\/2022\/10\/Wreczenie-1024x683.jpg 1024w, https:\/\/pts.org.pl\/wp-content\/uploads\/2022\/10\/Wreczenie-300x200.jpg 300w, https:\/\/pts.org.pl\/wp-content\/uploads\/2022\/10\/Wreczenie-768x512.jpg 768w, https:\/\/pts.org.pl\/wp-content\/uploads\/2022\/10\/Wreczenie.jpg 1200w\" sizes=\"(max-width: 1024px) 100vw, 1024px\" \/><\/figure><\/li><\/ul><\/figure>\n\n\n\n<p>Link do fotorelacji z uroczysto\u015bci wr\u0119czenia znajd\u0105 Pa\u0144stwo tutaj: <\/p>\n\n\n\n<p><a href=\"https:\/\/galeria.aps.edu.pl\/index.php?\/category\/vi-edycja-konkursu-im-profesor-elzbiety-tarkowskiej-20221017\">https:\/\/galeria.aps.edu.pl\/index.php?\/category\/vi-edycja-konkursu-im-profesor-elzbiety-tarkowskiej-20221017<\/a><\/p>\n\n\n\n<div class=\"wp-block-file\"><a href=\"https:\/\/pts.org.pl\/wp-content\/uploads\/2022\/10\/Uzasadnienie-wreczenia-nagrody-VI-Edycji-Konkursu_9.10.2022.docx\">Uzasadnienie-wreczenia-nagrody-VI-Edycji-Konkursu_9.10.2022<\/a><a href=\"https:\/\/pts.org.pl\/wp-content\/uploads\/2022\/10\/Uzasadnienie-wreczenia-nagrody-VI-Edycji-Konkursu_9.10.2022.docx\" class=\"wp-block-file__button\" download>Pobierz<\/a><\/div>\n","protected":false},"excerpt":{"rendered":"<p>Laureatk\u0105 VI Edycji Konkursu o nagrod\u0119 im. prof. El\u017cbiety Tarkowskiej zosta\u0142a\u00a0dr hab. Beata Szluz\u00a0za ksi\u0105\u017ck\u0119 pt.\u00a0\u201ePrzez zamkni\u0119te okno ganku\u201d Opieka nad osob\u0105 z chorob\u0105 Alzheimera w biografiach opiekun\u00f3w rodzinnych&#8221;, opublikowan\u0105 w Wydawnictwie Uniwersytetu Rzeszowskiego w 2021 roku. W uzasadnieniu Kapitu\u0142y, kt\u00f3ra przyzna\u0142a nagrod\u0119 czytamy: &#8220;Warto\u015bci\u0105 podstawow\u0105 nagrodzonej monografii jest rzetelny opis rzeczywisto\u015bci spo\u0142ecznej opiekun\u00f3w tej [&hellip;]<\/p>\n","protected":false},"author":11,"featured_media":0,"comment_status":"open","ping_status":"open","sticky":false,"template":"","format":"standard","meta":[],"categories":[],"tags":[],"_links":{"self":[{"href":"https:\/\/pts.org.pl\/en\/wp-json\/wp\/v2\/posts\/6227"}],"collection":[{"href":"https:\/\/pts.org.pl\/en\/wp-json\/wp\/v2\/posts"}],"about":[{"href":"https:\/\/pts.org.pl\/en\/wp-json\/wp\/v2\/types\/post"}],"author":[{"embeddable":true,"href":"https:\/\/pts.org.pl\/en\/wp-json\/wp\/v2\/users\/11"}],"replies":[{"embeddable":true,"href":"https:\/\/pts.org.pl\/en\/wp-json\/wp\/v2\/comments?post=6227"}],"version-history":[{"count":3,"href":"https:\/\/pts.org.pl\/en\/wp-json\/wp\/v2\/posts\/6227\/revisions"}],"predecessor-version":[{"id":6232,"href":"https:\/\/pts.org.pl\/en\/wp-json\/wp\/v2\/posts\/6227\/revisions\/6232"}],"wp:attachment":[{"href":"https:\/\/pts.org.pl\/en\/wp-json\/wp\/v2\/media?parent=6227"}],"wp:term":[{"taxonomy":"category","embeddable":true,"href":"https:\/\/pts.org.pl\/en\/wp-json\/wp\/v2\/categories?post=6227"},{"taxonomy":"post_tag","embeddable":true,"href":"https:\/\/pts.org.pl\/en\/wp-json\/wp\/v2\/tags?post=6227"}],"curies":[{"name":"wp","href":"https:\/\/api.w.org\/{rel}","templated":true}]}}