{"id":6217,"date":"2022-09-25T12:45:00","date_gmt":"2022-09-25T12:45:00","guid":{"rendered":"https:\/\/pts.org.pl\/?p=6217"},"modified":"2022-10-07T12:46:54","modified_gmt":"2022-10-07T12:46:54","slug":"zmarl-profesor-uniwersytetu-lodzkiego-dr-hab-piotr-wieslaw-tobera","status":"publish","type":"post","link":"https:\/\/pts.org.pl\/en\/zmarl-profesor-uniwersytetu-lodzkiego-dr-hab-piotr-wieslaw-tobera\/","title":{"rendered":"Zmar\u0142 Profesor Uniwersytetu \u0141\u00f3dzkiego, dr hab. Piotr Wies\u0142aw Tobera"},"content":{"rendered":"<div class=\"fcbkbttn_buttons_block\" id=\"fcbkbttn_left\"><div class=\"fcbkbttn_button\">\n                            <a href=\"https:\/\/www.facebook.com\/\" target=\"_blank\">\n                                <img src=\"https:\/\/pts.org.pl\/wp-content\/plugins\/facebook-button-plugin\/images\/standard-facebook-ico.png\" alt=\"Fb-Button\" \/>\n                            <\/a>\n                        <\/div><div class=\"fcbkbttn_like \"><fb:like href=\"https:\/\/pts.org.pl\/en\/zmarl-profesor-uniwersytetu-lodzkiego-dr-hab-piotr-wieslaw-tobera\/\" action=\"like\" colorscheme=\"light\" layout=\"button_count\"  size=\"small\"><\/fb:like><\/div><\/div>\n<p>Z g\u0142\u0119bokim \u017calem przyj\u0119li\u015bmy wiadomo\u015b\u0107, \u017ce w dniu 18 wrze\u015bnia, w wieku 83 lat zmar\u0142<br><br><strong><em>Profesor Uniwersytetu \u0141\u00f3dzkiego, dr hab. Piotr Wies\u0142aw Tobera<br><\/em><\/strong><br>autor wielu publikacji z zakresu socjologii przemys\u0142u, organizacji i zarz\u0105dzania,<br><br>wieloletni i zas\u0142u\u017cony pracownik Uniwersytetu \u0141\u00f3dzkiego, wieloletni cz\u0142onek Polskiego Towarzystwa Socjologicznego, przekazujemy g\u0142\u0119bokie wyrazy wsp\u00f3\u0142czucia dla<br><br>Ma\u0142\u017conki i Rodziny<br><br>Pozostanie na zawsze w naszej pami\u0119ci.<br><br><em>Polskie Towarzystwo Socjologiczne<\/em><\/p>\n\n\n\n<p>Uroczysto\u015bci pogrzebowe odb\u0119d\u0105 si\u0119 w dniu 26 wrze\u015bnia 2022 roku o godzinie 13:00 na Starym Cmentarzu przy ul. Ks. Piotra Skargi 28 w Zgierzu.<\/p>\n","protected":false},"excerpt":{"rendered":"<p>Z g\u0142\u0119bokim \u017calem przyj\u0119li\u015bmy wiadomo\u015b\u0107, \u017ce w dniu 18 wrze\u015bnia, w wieku 83 lat zmar\u0142 Profesor Uniwersytetu \u0141\u00f3dzkiego, dr hab. Piotr Wies\u0142aw Toberaautor wielu publikacji z zakresu socjologii przemys\u0142u, organizacji i zarz\u0105dzania, wieloletni i zas\u0142u\u017cony pracownik Uniwersytetu \u0141\u00f3dzkiego, wieloletni cz\u0142onek Polskiego Towarzystwa Socjologicznego, przekazujemy g\u0142\u0119bokie wyrazy wsp\u00f3\u0142czucia dla Ma\u0142\u017conki i Rodziny Pozostanie na zawsze w [&hellip;]<\/p>\n","protected":false},"author":11,"featured_media":0,"comment_status":"open","ping_status":"open","sticky":false,"template":"","format":"standard","meta":[],"categories":[],"tags":[],"_links":{"self":[{"href":"https:\/\/pts.org.pl\/en\/wp-json\/wp\/v2\/posts\/6217"}],"collection":[{"href":"https:\/\/pts.org.pl\/en\/wp-json\/wp\/v2\/posts"}],"about":[{"href":"https:\/\/pts.org.pl\/en\/wp-json\/wp\/v2\/types\/post"}],"author":[{"embeddable":true,"href":"https:\/\/pts.org.pl\/en\/wp-json\/wp\/v2\/users\/11"}],"replies":[{"embeddable":true,"href":"https:\/\/pts.org.pl\/en\/wp-json\/wp\/v2\/comments?post=6217"}],"version-history":[{"count":1,"href":"https:\/\/pts.org.pl\/en\/wp-json\/wp\/v2\/posts\/6217\/revisions"}],"predecessor-version":[{"id":6218,"href":"https:\/\/pts.org.pl\/en\/wp-json\/wp\/v2\/posts\/6217\/revisions\/6218"}],"wp:attachment":[{"href":"https:\/\/pts.org.pl\/en\/wp-json\/wp\/v2\/media?parent=6217"}],"wp:term":[{"taxonomy":"category","embeddable":true,"href":"https:\/\/pts.org.pl\/en\/wp-json\/wp\/v2\/categories?post=6217"},{"taxonomy":"post_tag","embeddable":true,"href":"https:\/\/pts.org.pl\/en\/wp-json\/wp\/v2\/tags?post=6217"}],"curies":[{"name":"wp","href":"https:\/\/api.w.org\/{rel}","templated":true}]}}