{"id":6212,"date":"2022-10-07T12:37:44","date_gmt":"2022-10-07T12:37:44","guid":{"rendered":"https:\/\/pts.org.pl\/?p=6212"},"modified":"2022-10-07T12:37:46","modified_gmt":"2022-10-07T12:37:46","slug":"konkurs-na-najlepsza-prace-licencjacka-i-magisterska-z-obszaru-socjologii-niepelnosprawnosci","status":"publish","type":"post","link":"https:\/\/pts.org.pl\/en\/konkurs-na-najlepsza-prace-licencjacka-i-magisterska-z-obszaru-socjologii-niepelnosprawnosci\/","title":{"rendered":"Konkurs na najlepsz\u0105 prac\u0119 licencjack\u0105 i magistersk\u0105 z obszaru socjologii niepe\u0142nosprawno\u015bci"},"content":{"rendered":"<div class=\"fcbkbttn_buttons_block\" id=\"fcbkbttn_left\"><div class=\"fcbkbttn_button\">\n                            <a href=\"https:\/\/www.facebook.com\/\" target=\"_blank\">\n                                <img src=\"https:\/\/pts.org.pl\/wp-content\/plugins\/facebook-button-plugin\/images\/standard-facebook-ico.png\" alt=\"Fb-Button\" \/>\n                            <\/a>\n                        <\/div><div class=\"fcbkbttn_like \"><fb:like href=\"https:\/\/pts.org.pl\/en\/konkurs-na-najlepsza-prace-licencjacka-i-magisterska-z-obszaru-socjologii-niepelnosprawnosci\/\" action=\"like\" colorscheme=\"light\" layout=\"button_count\"  size=\"small\"><\/fb:like><\/div><\/div>\n<p>Sekcja Socjologii Niepe\u0142nosprawno\u015bci Polskiego Towarzystwa Socjologicznego serdecznie zaprasza do udzia\u0142u w Konkursie na najlepsz\u0105 prac\u0119 licencjack\u0105 i magistersk\u0105 z obszaru socjologii niepe\u0142nosprawno\u015bci.<\/p>\n\n\n\n<p>Do konkursu mog\u0105 zosta\u0107 zg\u0142oszone prace dyplomowe obronione w bie\u017c\u0105cym roku (roku og\u0142oszenia konkursu). Termin nadsy\u0142ania zg\u0142osze\u0144 up\u0142ywa 31 grudnia br.<\/p>\n\n\n\n<p>Zg\u0142oszenia nale\u017cy nadsy\u0142a\u0107 drog\u0105 mailow\u0105 na adres:&nbsp;<a href=\"mailto:sekcjasnpts@gmail.com\" target=\"_blank\" rel=\"noreferrer noopener\">sekcjasnpts@gmail.com<\/a><\/p>\n\n\n\n<p>Szczeg\u00f3\u0142y regulaminu konkursu znajduj\u0105 si\u0119 na stronie:&nbsp;Konkursu na najlepsz\u0105 prac\u0119 licencjack\u0105 i magistersk\u0105 z obszaru socjologii niepe\u0142nosprawno\u015bci &#8211; Sekcja PTS Socjologia Niepe\u0142nosprawno\u015bci (socjologianiepelnosprawnosci.pl)<\/p>\n\n\n\n<p>Zapraszamy do aplikowania!<\/p>\n\n\n\n<p>Z powa\u017caniem,<\/p>\n\n\n\n<p>Zarz\u0105d SSN PTS<\/p>\n","protected":false},"excerpt":{"rendered":"<p>Sekcja Socjologii Niepe\u0142nosprawno\u015bci Polskiego Towarzystwa Socjologicznego serdecznie zaprasza do udzia\u0142u w Konkursie na najlepsz\u0105 prac\u0119 licencjack\u0105 i magistersk\u0105 z obszaru socjologii niepe\u0142nosprawno\u015bci. Do konkursu mog\u0105 zosta\u0107 zg\u0142oszone prace dyplomowe obronione w bie\u017c\u0105cym roku (roku og\u0142oszenia konkursu). Termin nadsy\u0142ania zg\u0142osze\u0144 up\u0142ywa 31 grudnia br. Zg\u0142oszenia nale\u017cy nadsy\u0142a\u0107 drog\u0105 mailow\u0105 na adres:&nbsp;sekcjasnpts@gmail.com Szczeg\u00f3\u0142y regulaminu konkursu znajduj\u0105 si\u0119 [&hellip;]<\/p>\n","protected":false},"author":11,"featured_media":0,"comment_status":"open","ping_status":"open","sticky":false,"template":"","format":"standard","meta":[],"categories":[],"tags":[],"_links":{"self":[{"href":"https:\/\/pts.org.pl\/en\/wp-json\/wp\/v2\/posts\/6212"}],"collection":[{"href":"https:\/\/pts.org.pl\/en\/wp-json\/wp\/v2\/posts"}],"about":[{"href":"https:\/\/pts.org.pl\/en\/wp-json\/wp\/v2\/types\/post"}],"author":[{"embeddable":true,"href":"https:\/\/pts.org.pl\/en\/wp-json\/wp\/v2\/users\/11"}],"replies":[{"embeddable":true,"href":"https:\/\/pts.org.pl\/en\/wp-json\/wp\/v2\/comments?post=6212"}],"version-history":[{"count":1,"href":"https:\/\/pts.org.pl\/en\/wp-json\/wp\/v2\/posts\/6212\/revisions"}],"predecessor-version":[{"id":6213,"href":"https:\/\/pts.org.pl\/en\/wp-json\/wp\/v2\/posts\/6212\/revisions\/6213"}],"wp:attachment":[{"href":"https:\/\/pts.org.pl\/en\/wp-json\/wp\/v2\/media?parent=6212"}],"wp:term":[{"taxonomy":"category","embeddable":true,"href":"https:\/\/pts.org.pl\/en\/wp-json\/wp\/v2\/categories?post=6212"},{"taxonomy":"post_tag","embeddable":true,"href":"https:\/\/pts.org.pl\/en\/wp-json\/wp\/v2\/tags?post=6212"}],"curies":[{"name":"wp","href":"https:\/\/api.w.org\/{rel}","templated":true}]}}