{"id":6193,"date":"2022-09-27T08:55:13","date_gmt":"2022-09-27T08:55:13","guid":{"rendered":"https:\/\/pts.org.pl\/?p=6193"},"modified":"2022-09-27T08:55:15","modified_gmt":"2022-09-27T08:55:15","slug":"miedzynarodowa-konferencja-naukowa-dziedzictwo-bronislawa-malinowskiego-we-wspolczesnych-naukach-spolecznych-i-humanistyce","status":"publish","type":"post","link":"https:\/\/pts.org.pl\/en\/miedzynarodowa-konferencja-naukowa-dziedzictwo-bronislawa-malinowskiego-we-wspolczesnych-naukach-spolecznych-i-humanistyce\/","title":{"rendered":"Mi\u0119dzynarodowa konferencja naukowa &#8220;Dziedzictwo Bronis\u0142awa Malinowskiego we wsp\u00f3\u0142czesnych naukach spo\u0142ecznych i humanistyce.&#8221;"},"content":{"rendered":"<div class=\"fcbkbttn_buttons_block\" id=\"fcbkbttn_left\"><div class=\"fcbkbttn_button\">\n                            <a href=\"https:\/\/www.facebook.com\/\" target=\"_blank\">\n                                <img src=\"https:\/\/pts.org.pl\/wp-content\/plugins\/facebook-button-plugin\/images\/standard-facebook-ico.png\" alt=\"Fb-Button\" \/>\n                            <\/a>\n                        <\/div><div class=\"fcbkbttn_like \"><fb:like href=\"https:\/\/pts.org.pl\/en\/miedzynarodowa-konferencja-naukowa-dziedzictwo-bronislawa-malinowskiego-we-wspolczesnych-naukach-spolecznych-i-humanistyce\/\" action=\"like\" colorscheme=\"light\" layout=\"button_count\"  size=\"small\"><\/fb:like><\/div><\/div>\n<p>Instytut Socjologii UJ zaprasza na konferencj\u0119 &#8220;Dziedzictwo Bronis\u0142awa Malinowskiego we wsp\u00f3\u0142czesnych naukach spo\u0142ecznych i humanistyce.&#8221; Konferencja odbywa si\u0119 w dniach <strong>26 &#8211; 27 wrze\u015bnia 2022<\/strong>. Zach\u0119camy do zapoznania si\u0119 ze szczeg\u00f3\u0142owymi informacjami i programem, kt\u00f3re znajd\u0105 Pa\u0144stwo <a rel=\"noreferrer noopener\" href=\"https:\/\/socjologia.uj.edu.pl\/aktualnosci\/-\/journal_content\/56_INSTANCE_0iyIOm3cRNs5\/15033991\/151572097\" target=\"_blank\">tutaj<\/a>. <\/p>\n","protected":false},"excerpt":{"rendered":"<p>Instytut Socjologii UJ zaprasza na konferencj\u0119 &#8220;Dziedzictwo Bronis\u0142awa Malinowskiego we wsp\u00f3\u0142czesnych naukach spo\u0142ecznych i humanistyce.&#8221; Konferencja odbywa si\u0119 w dniach 26 &#8211; 27 wrze\u015bnia 2022. Zach\u0119camy do zapoznania si\u0119 ze szczeg\u00f3\u0142owymi informacjami i programem, kt\u00f3re znajd\u0105 Pa\u0144stwo tutaj.<\/p>\n","protected":false},"author":111268,"featured_media":0,"comment_status":"open","ping_status":"open","sticky":false,"template":"","format":"standard","meta":[],"categories":[],"tags":[],"_links":{"self":[{"href":"https:\/\/pts.org.pl\/en\/wp-json\/wp\/v2\/posts\/6193"}],"collection":[{"href":"https:\/\/pts.org.pl\/en\/wp-json\/wp\/v2\/posts"}],"about":[{"href":"https:\/\/pts.org.pl\/en\/wp-json\/wp\/v2\/types\/post"}],"author":[{"embeddable":true,"href":"https:\/\/pts.org.pl\/en\/wp-json\/wp\/v2\/users\/111268"}],"replies":[{"embeddable":true,"href":"https:\/\/pts.org.pl\/en\/wp-json\/wp\/v2\/comments?post=6193"}],"version-history":[{"count":3,"href":"https:\/\/pts.org.pl\/en\/wp-json\/wp\/v2\/posts\/6193\/revisions"}],"predecessor-version":[{"id":6200,"href":"https:\/\/pts.org.pl\/en\/wp-json\/wp\/v2\/posts\/6193\/revisions\/6200"}],"wp:attachment":[{"href":"https:\/\/pts.org.pl\/en\/wp-json\/wp\/v2\/media?parent=6193"}],"wp:term":[{"taxonomy":"category","embeddable":true,"href":"https:\/\/pts.org.pl\/en\/wp-json\/wp\/v2\/categories?post=6193"},{"taxonomy":"post_tag","embeddable":true,"href":"https:\/\/pts.org.pl\/en\/wp-json\/wp\/v2\/tags?post=6193"}],"curies":[{"name":"wp","href":"https:\/\/api.w.org\/{rel}","templated":true}]}}