{"id":6184,"date":"2022-09-07T13:34:42","date_gmt":"2022-09-07T13:34:42","guid":{"rendered":"https:\/\/pts.org.pl\/?p=6184"},"modified":"2022-09-07T13:34:44","modified_gmt":"2022-09-07T13:34:44","slug":"odeszla-pani-profesor-krystyna-szafraniec","status":"publish","type":"post","link":"https:\/\/pts.org.pl\/en\/odeszla-pani-profesor-krystyna-szafraniec\/","title":{"rendered":"Odesz\u0142a Pani Profesor Krystyna Szafraniec"},"content":{"rendered":"<div class=\"fcbkbttn_buttons_block\" id=\"fcbkbttn_left\"><div class=\"fcbkbttn_button\">\n                            <a href=\"https:\/\/www.facebook.com\/\" target=\"_blank\">\n                                <img src=\"https:\/\/pts.org.pl\/wp-content\/plugins\/facebook-button-plugin\/images\/standard-facebook-ico.png\" alt=\"Fb-Button\" \/>\n                            <\/a>\n                        <\/div><div class=\"fcbkbttn_like \"><fb:like href=\"https:\/\/pts.org.pl\/en\/odeszla-pani-profesor-krystyna-szafraniec\/\" action=\"like\" colorscheme=\"light\" layout=\"button_count\"  size=\"small\"><\/fb:like><\/div><\/div>\n<p>Drogie Kole\u017canki, Drodzy Koledzy,<\/p>\n\n\n\n<p>Z ogromnym smutkiem i \u017calem przyj\u0119li\u015bmy wiadomo\u015b\u0107 o tragicznej \u015bmierci naszej Kole\u017canki Profesor Krystyny Szafraniec. Tak trudno w to uwierzy\u0107. Przecie\u017c mieli\u015bmy spotka\u0107 si\u0119 podczas Zjazdu. Zg\u0142osi\u0142a pomys\u0142 przygotowania panelu Komitetu Socjologii PAN: \u201e<em>Czy pokolenia zmieniaj\u0105 polsk\u0105 socjologi\u0119\u201d<\/em>&nbsp;i mia\u0142a ten panel poprowadzi\u0107. Tyle mia\u0142a plan\u00f3w, pomys\u0142\u00f3w, projekt\u00f3w, ksi\u0105\u017cek i artyku\u0142\u00f3w do zrealizowania. Ju\u017c nie powstan\u0105\u2026<\/p>\n\n\n\n<p>Profesor Krystyna Szafraniec by\u0142a cz\u0142onkini\u0105 Zarz\u0105du PTS w latach 2000-2009; by\u0142a tw\u00f3rczyni\u0105 Sekcji Socjologii M\u0142odzie\u017cy i Edukacji, kt\u00f3r\u0105 kierowa\u0142a w latach 2005-2010. Zajmuj\u0105c si\u0119 problematyk\u0105 pokoleniow\u0105, problematyk\u0105 m\u0142odzie\u017cy, edukacji, o\u015bwiaty i zmiany spo\u0142ecznej by\u0142a niezwykle wyczulona na problemy m\u0142odych ludzi. Lubi\u0142a pracowa\u0107 ze studentami i doktorantami; zara\u017ca\u0142a ich swoj\u0105 pasj\u0105 do socjologii. Praca naukowa i badania naukowe by\u0142y jej \u017cyciowym powo\u0142aniem. Zawsze by\u0142a bardzo aktywna, ch\u0119tna do wsp\u00f3\u0142pracy, pomocna i niezwykle kole\u017ce\u0144ska. Jej praca na rzecz Polskiego Towarzystwa Socjologicznego jest nie do przecenienia. B\u0119dzie Jej nam bardzo brakowa\u0142o; jej \u017cyczliwo\u015bci, u\u015bmiechu, optymizmu. By\u0142a dobrym i m\u0105drym Cz\u0142owiekiem.<\/p>\n\n\n\n<p>Rodzinie i Najbli\u017cszym&nbsp; sk\u0142adamy wyrazy najg\u0142\u0119bszego wsp\u00f3\u0142czucia<\/p>\n\n\n\n<p>Zarz\u0105d oraz kole\u017canki i koledzy z Polskiego Towarzystwa Socjologicznego<\/p>\n","protected":false},"excerpt":{"rendered":"<p>Drogie Kole\u017canki, Drodzy Koledzy, Z ogromnym smutkiem i \u017calem przyj\u0119li\u015bmy wiadomo\u015b\u0107 o tragicznej \u015bmierci naszej Kole\u017canki Profesor Krystyny Szafraniec. Tak trudno w to uwierzy\u0107. Przecie\u017c mieli\u015bmy spotka\u0107 si\u0119 podczas Zjazdu. Zg\u0142osi\u0142a pomys\u0142 przygotowania panelu Komitetu Socjologii PAN: \u201eCzy pokolenia zmieniaj\u0105 polsk\u0105 socjologi\u0119\u201d&nbsp;i mia\u0142a ten panel poprowadzi\u0107. Tyle mia\u0142a plan\u00f3w, pomys\u0142\u00f3w, projekt\u00f3w, ksi\u0105\u017cek i artyku\u0142\u00f3w do [&hellip;]<\/p>\n","protected":false},"author":11,"featured_media":0,"comment_status":"open","ping_status":"open","sticky":false,"template":"","format":"standard","meta":[],"categories":[],"tags":[],"_links":{"self":[{"href":"https:\/\/pts.org.pl\/en\/wp-json\/wp\/v2\/posts\/6184"}],"collection":[{"href":"https:\/\/pts.org.pl\/en\/wp-json\/wp\/v2\/posts"}],"about":[{"href":"https:\/\/pts.org.pl\/en\/wp-json\/wp\/v2\/types\/post"}],"author":[{"embeddable":true,"href":"https:\/\/pts.org.pl\/en\/wp-json\/wp\/v2\/users\/11"}],"replies":[{"embeddable":true,"href":"https:\/\/pts.org.pl\/en\/wp-json\/wp\/v2\/comments?post=6184"}],"version-history":[{"count":1,"href":"https:\/\/pts.org.pl\/en\/wp-json\/wp\/v2\/posts\/6184\/revisions"}],"predecessor-version":[{"id":6185,"href":"https:\/\/pts.org.pl\/en\/wp-json\/wp\/v2\/posts\/6184\/revisions\/6185"}],"wp:attachment":[{"href":"https:\/\/pts.org.pl\/en\/wp-json\/wp\/v2\/media?parent=6184"}],"wp:term":[{"taxonomy":"category","embeddable":true,"href":"https:\/\/pts.org.pl\/en\/wp-json\/wp\/v2\/categories?post=6184"},{"taxonomy":"post_tag","embeddable":true,"href":"https:\/\/pts.org.pl\/en\/wp-json\/wp\/v2\/tags?post=6184"}],"curies":[{"name":"wp","href":"https:\/\/api.w.org\/{rel}","templated":true}]}}