{"id":6179,"date":"2022-09-02T12:47:13","date_gmt":"2022-09-02T12:47:13","guid":{"rendered":"https:\/\/pts.org.pl\/?p=6179"},"modified":"2022-09-02T12:49:05","modified_gmt":"2022-09-02T12:49:05","slug":"konkurs-im-profesor-elzbiety-tarkowskiej-przypomnienie-o-terminie-zglaszania-prac","status":"publish","type":"post","link":"https:\/\/pts.org.pl\/en\/konkurs-im-profesor-elzbiety-tarkowskiej-przypomnienie-o-terminie-zglaszania-prac\/","title":{"rendered":"Konkurs im. Profesor El\u017cbiety Tarkowskiej &#8211; przypomnienie o terminie zg\u0142aszania prac"},"content":{"rendered":"<div class=\"fcbkbttn_buttons_block\" id=\"fcbkbttn_left\"><div class=\"fcbkbttn_button\">\n                            <a href=\"https:\/\/www.facebook.com\/\" target=\"_blank\">\n                                <img src=\"https:\/\/pts.org.pl\/wp-content\/plugins\/facebook-button-plugin\/images\/standard-facebook-ico.png\" alt=\"Fb-Button\" \/>\n                            <\/a>\n                        <\/div><div class=\"fcbkbttn_like \"><fb:like href=\"https:\/\/pts.org.pl\/en\/konkurs-im-profesor-elzbiety-tarkowskiej-przypomnienie-o-terminie-zglaszania-prac\/\" action=\"like\" colorscheme=\"light\" layout=\"button_count\"  size=\"small\"><\/fb:like><\/div><\/div>\n<p>Przypominamy, \u017ce dn. 20.09.2022 up\u0142ywa termin zg\u0142aszania prac do VI edycji Konkursu im. Profesor El\u017cbiety Tarkowskiej. Szczeg\u00f3\u0142owe informacje znajduj\u0105 si\u0119 <a href=\"https:\/\/pts.org.pl\/konkurs-im-profesor-elzbiety-tarkowskiej-edycja-vi\/\">tutaj<\/a>. <\/p>\n","protected":false},"excerpt":{"rendered":"<p>Przypominamy, \u017ce dn. 20.09.2022 up\u0142ywa termin zg\u0142aszania prac do VI edycji Konkursu im. Profesor El\u017cbiety Tarkowskiej. Szczeg\u00f3\u0142owe informacje znajduj\u0105 si\u0119 tutaj.<\/p>\n","protected":false},"author":111268,"featured_media":0,"comment_status":"open","ping_status":"open","sticky":false,"template":"","format":"standard","meta":[],"categories":[],"tags":[],"_links":{"self":[{"href":"https:\/\/pts.org.pl\/en\/wp-json\/wp\/v2\/posts\/6179"}],"collection":[{"href":"https:\/\/pts.org.pl\/en\/wp-json\/wp\/v2\/posts"}],"about":[{"href":"https:\/\/pts.org.pl\/en\/wp-json\/wp\/v2\/types\/post"}],"author":[{"embeddable":true,"href":"https:\/\/pts.org.pl\/en\/wp-json\/wp\/v2\/users\/111268"}],"replies":[{"embeddable":true,"href":"https:\/\/pts.org.pl\/en\/wp-json\/wp\/v2\/comments?post=6179"}],"version-history":[{"count":2,"href":"https:\/\/pts.org.pl\/en\/wp-json\/wp\/v2\/posts\/6179\/revisions"}],"predecessor-version":[{"id":6181,"href":"https:\/\/pts.org.pl\/en\/wp-json\/wp\/v2\/posts\/6179\/revisions\/6181"}],"wp:attachment":[{"href":"https:\/\/pts.org.pl\/en\/wp-json\/wp\/v2\/media?parent=6179"}],"wp:term":[{"taxonomy":"category","embeddable":true,"href":"https:\/\/pts.org.pl\/en\/wp-json\/wp\/v2\/categories?post=6179"},{"taxonomy":"post_tag","embeddable":true,"href":"https:\/\/pts.org.pl\/en\/wp-json\/wp\/v2\/tags?post=6179"}],"curies":[{"name":"wp","href":"https:\/\/api.w.org\/{rel}","templated":true}]}}