{"id":6165,"date":"2022-08-03T12:30:09","date_gmt":"2022-08-03T12:30:09","guid":{"rendered":"https:\/\/pts.org.pl\/?p=6165"},"modified":"2022-08-03T12:30:11","modified_gmt":"2022-08-03T12:30:11","slug":"laureaci-konkursu-sekcji-socjologii-miasta-pts","status":"publish","type":"post","link":"https:\/\/pts.org.pl\/en\/laureaci-konkursu-sekcji-socjologii-miasta-pts\/","title":{"rendered":"Laureaci konkursu Sekcji Socjologii Miasta PTS"},"content":{"rendered":"<div class=\"fcbkbttn_buttons_block\" id=\"fcbkbttn_left\"><div class=\"fcbkbttn_button\">\n                            <a href=\"https:\/\/www.facebook.com\/\" target=\"_blank\">\n                                <img src=\"https:\/\/pts.org.pl\/wp-content\/plugins\/facebook-button-plugin\/images\/standard-facebook-ico.png\" alt=\"Fb-Button\" \/>\n                            <\/a>\n                        <\/div><div class=\"fcbkbttn_like \"><fb:like href=\"https:\/\/pts.org.pl\/en\/laureaci-konkursu-sekcji-socjologii-miasta-pts\/\" action=\"like\" colorscheme=\"light\" layout=\"button_count\"  size=\"small\"><\/fb:like><\/div><\/div>\n<p><\/p>\n\n\n\n<p>Jury konkursu organizowanego przez Sekcj\u0119 Socjologii Miasta&nbsp;PTS&nbsp;wy\u0142oni\u0142o laureat\u00f3w II Edycji Konkursu im. Ewy Kaltenberg-Kwiatkowskiej.&nbsp;<\/p>\n\n\n\n<p>G\u0142\u00f3wn\u0105 nagrod\u0119, za prac\u0119&nbsp; pt.&nbsp;<em>Kwestie miejskie. Dyskusje o problemach i przysz\u0142o\u015bci miast w Kr\u00f3lestwie Polskim 1905-1915<\/em>&nbsp;(\u0141\u00f3d\u017a 2020) otrzyma\u0142 Kamil \u015amiechowski. Wyr\u00f3\u017cnienie przyznano Beacie Gambrych-Naze oraz Bogdanowi Jankowskiemu za prac\u0119 pt.&nbsp;<em>Wra\u017cliwo\u015b\u0107 miasta<\/em>&nbsp;(\u0141\u00f3d\u017a 2021).&nbsp;<\/p>\n\n\n\n<p>W konkursie nagradzane s\u0105 najlepsze monografie z zakresu studi\u00f3w miejskich, opublikowane do 2 lat przed og\u0142oszeniem kolejnej edycji. Jury nagrody obradowa\u0142o w sk\u0142adzie: Tomasz Nawrocki (przewodnicz\u0105cy, U\u015a), Magdalena \u0141ukasiuk (UW), Barbara Chom\u0105towska (Stacja Muran\u00f3w).&nbsp;Wi\u0119cej informacji o bie\u017c\u0105cych wydarzeniach Sekcji Socjologii Miasta:&nbsp;<a href=\"https:\/\/www.facebook.com\/SekcjaMiastoPTS\" target=\"_blank\" rel=\"noreferrer noopener\">https:\/\/www.facebook.com\/SekcjaMiastoPTS<\/a><\/p>\n","protected":false},"excerpt":{"rendered":"<p>Jury konkursu organizowanego przez Sekcj\u0119 Socjologii Miasta&nbsp;PTS&nbsp;wy\u0142oni\u0142o laureat\u00f3w II Edycji Konkursu im. Ewy Kaltenberg-Kwiatkowskiej.&nbsp; G\u0142\u00f3wn\u0105 nagrod\u0119, za prac\u0119&nbsp; pt.&nbsp;Kwestie miejskie. Dyskusje o problemach i przysz\u0142o\u015bci miast w Kr\u00f3lestwie Polskim 1905-1915&nbsp;(\u0141\u00f3d\u017a 2020) otrzyma\u0142 Kamil \u015amiechowski. Wyr\u00f3\u017cnienie przyznano Beacie Gambrych-Naze oraz Bogdanowi Jankowskiemu za prac\u0119 pt.&nbsp;Wra\u017cliwo\u015b\u0107 miasta&nbsp;(\u0141\u00f3d\u017a 2021).&nbsp; W konkursie nagradzane s\u0105 najlepsze monografie z zakresu studi\u00f3w [&hellip;]<\/p>\n","protected":false},"author":111268,"featured_media":0,"comment_status":"open","ping_status":"open","sticky":false,"template":"","format":"standard","meta":[],"categories":[],"tags":[],"_links":{"self":[{"href":"https:\/\/pts.org.pl\/en\/wp-json\/wp\/v2\/posts\/6165"}],"collection":[{"href":"https:\/\/pts.org.pl\/en\/wp-json\/wp\/v2\/posts"}],"about":[{"href":"https:\/\/pts.org.pl\/en\/wp-json\/wp\/v2\/types\/post"}],"author":[{"embeddable":true,"href":"https:\/\/pts.org.pl\/en\/wp-json\/wp\/v2\/users\/111268"}],"replies":[{"embeddable":true,"href":"https:\/\/pts.org.pl\/en\/wp-json\/wp\/v2\/comments?post=6165"}],"version-history":[{"count":1,"href":"https:\/\/pts.org.pl\/en\/wp-json\/wp\/v2\/posts\/6165\/revisions"}],"predecessor-version":[{"id":6166,"href":"https:\/\/pts.org.pl\/en\/wp-json\/wp\/v2\/posts\/6165\/revisions\/6166"}],"wp:attachment":[{"href":"https:\/\/pts.org.pl\/en\/wp-json\/wp\/v2\/media?parent=6165"}],"wp:term":[{"taxonomy":"category","embeddable":true,"href":"https:\/\/pts.org.pl\/en\/wp-json\/wp\/v2\/categories?post=6165"},{"taxonomy":"post_tag","embeddable":true,"href":"https:\/\/pts.org.pl\/en\/wp-json\/wp\/v2\/tags?post=6165"}],"curies":[{"name":"wp","href":"https:\/\/api.w.org\/{rel}","templated":true}]}}