{"id":6153,"date":"2022-07-06T04:56:00","date_gmt":"2022-07-06T04:56:00","guid":{"rendered":"https:\/\/pts.org.pl\/?p=6153"},"modified":"2022-07-17T04:58:06","modified_gmt":"2022-07-17T04:58:06","slug":"opinia-polskiego-towarzystwa-socjologicznego-dotyczaca-projektu-rozporzadzenia-ministra-edukacji-i-nauki-w-sprawie-dziedzin-nauki-i-dyscyplin-naukowych-oraz-dyscyplin-artystycznych-z-dnia-24-06-2022-r","status":"publish","type":"post","link":"https:\/\/pts.org.pl\/en\/opinia-polskiego-towarzystwa-socjologicznego-dotyczaca-projektu-rozporzadzenia-ministra-edukacji-i-nauki-w-sprawie-dziedzin-nauki-i-dyscyplin-naukowych-oraz-dyscyplin-artystycznych-z-dnia-24-06-2022-r\/","title":{"rendered":"Opinia Polskiego Towarzystwa Socjologicznego dotycz\u0105ca projektu rozporz\u0105dzenia Ministra Edukacji i Nauki w sprawie dziedzin nauki i dyscyplin naukowych oraz dyscyplin artystycznych z dnia 24.06.2022 r."},"content":{"rendered":"<div class=\"fcbkbttn_buttons_block\" id=\"fcbkbttn_left\"><div class=\"fcbkbttn_button\">\n                            <a href=\"https:\/\/www.facebook.com\/\" target=\"_blank\">\n                                <img src=\"https:\/\/pts.org.pl\/wp-content\/plugins\/facebook-button-plugin\/images\/standard-facebook-ico.png\" alt=\"Fb-Button\" \/>\n                            <\/a>\n                        <\/div><div class=\"fcbkbttn_like \"><fb:like href=\"https:\/\/pts.org.pl\/en\/opinia-polskiego-towarzystwa-socjologicznego-dotyczaca-projektu-rozporzadzenia-ministra-edukacji-i-nauki-w-sprawie-dziedzin-nauki-i-dyscyplin-naukowych-oraz-dyscyplin-artystycznych-z-dnia-24-06-2022-r\/\" action=\"like\" colorscheme=\"light\" layout=\"button_count\"  size=\"small\"><\/fb:like><\/div><\/div>\n<p class=\"has-text-align-left\"><strong>Polskie Towarzystwo Socjologiczne wnosi o korekt\u0119 w za\u0142\u0105czniku do rozporz\u0105dzenia&nbsp;<\/strong>(Lp. 6 Dziedzina nauk spo\u0142ecznych pkt 8)<strong>&nbsp;nazwy dyscypliny \u201enauki socjologiczne\u201d na \u201esocjologia\u201d<\/strong>. Nazwa \u201enauki socjologiczne\u201d uznawana jest w \u015brodowisku socjologicznym za nieadekwatn\u0105 i sprzeczn\u0105 z ponad stuletni\u0105 tradycj\u0105 uprawiania naszej dyscypliny w Polsce. Jest to ponadto nazwa tautologiczna, gdy\u017c cz\u0142on \u2013logia ju\u017c wskazuje, \u017ce socjologia jest nauk\u0105. Nazwa ta r\u00f3wnie\u017c nie odpowiada nazwom naszej dyscypliny przyj\u0119tym w innych krajach (sociology \u2013 j. angielski, Soziologie \u2013 j. niemiecki, sociologie \u2013 j. francuski, w kt\u00f3rym powsta\u0142a, sociolog\u00eda \u2013 j. hiszpa\u0144ski). Niefortunna nazwa \u201enauki socjologiczne\u201d zosta\u0142a wprowadzona przez min. Jaros\u0142awa Gowina rozporz\u0105dzeniem w 2018 i argumentem za jej stosowaniem by\u0142o obejmowanie przez \u201enauki socjologiczne\u201d poza socjologi\u0105 r\u00f3wnie\u017c nauk o rodzinie. Opiniowane rozporz\u0105dzenie wyodr\u0119bnia nauki o rodzinie jako oddzieln\u0105 dyscyplin\u0119, zatem ten jedyny argument za stosowaniem nazwy \u201enauki socjologiczne\u201d straci\u0142 moc.<\/p>\n\n\n\n<p>W imieniu Zarz\u0105du G\u0142\u00f3wnego Polskiego Towarzystwa Socjologicznego,<\/p>\n\n\n\n<p>Przewodnicz\u0105cy,<\/p>\n\n\n\n<p>Krzysztof T. Konecki<\/p>\n","protected":false},"excerpt":{"rendered":"<p>Polskie Towarzystwo Socjologiczne wnosi o korekt\u0119 w za\u0142\u0105czniku do rozporz\u0105dzenia&nbsp;(Lp. 6 Dziedzina nauk spo\u0142ecznych pkt 8)&nbsp;nazwy dyscypliny \u201enauki socjologiczne\u201d na \u201esocjologia\u201d. Nazwa \u201enauki socjologiczne\u201d uznawana jest w \u015brodowisku socjologicznym za nieadekwatn\u0105 i sprzeczn\u0105 z ponad stuletni\u0105 tradycj\u0105 uprawiania naszej dyscypliny w Polsce. Jest to ponadto nazwa tautologiczna, gdy\u017c cz\u0142on \u2013logia ju\u017c wskazuje, \u017ce socjologia jest [&hellip;]<\/p>\n","protected":false},"author":11,"featured_media":0,"comment_status":"open","ping_status":"open","sticky":false,"template":"","format":"standard","meta":[],"categories":[],"tags":[],"_links":{"self":[{"href":"https:\/\/pts.org.pl\/en\/wp-json\/wp\/v2\/posts\/6153"}],"collection":[{"href":"https:\/\/pts.org.pl\/en\/wp-json\/wp\/v2\/posts"}],"about":[{"href":"https:\/\/pts.org.pl\/en\/wp-json\/wp\/v2\/types\/post"}],"author":[{"embeddable":true,"href":"https:\/\/pts.org.pl\/en\/wp-json\/wp\/v2\/users\/11"}],"replies":[{"embeddable":true,"href":"https:\/\/pts.org.pl\/en\/wp-json\/wp\/v2\/comments?post=6153"}],"version-history":[{"count":1,"href":"https:\/\/pts.org.pl\/en\/wp-json\/wp\/v2\/posts\/6153\/revisions"}],"predecessor-version":[{"id":6154,"href":"https:\/\/pts.org.pl\/en\/wp-json\/wp\/v2\/posts\/6153\/revisions\/6154"}],"wp:attachment":[{"href":"https:\/\/pts.org.pl\/en\/wp-json\/wp\/v2\/media?parent=6153"}],"wp:term":[{"taxonomy":"category","embeddable":true,"href":"https:\/\/pts.org.pl\/en\/wp-json\/wp\/v2\/categories?post=6153"},{"taxonomy":"post_tag","embeddable":true,"href":"https:\/\/pts.org.pl\/en\/wp-json\/wp\/v2\/tags?post=6153"}],"curies":[{"name":"wp","href":"https:\/\/api.w.org\/{rel}","templated":true}]}}