{"id":6098,"date":"2022-06-01T20:09:54","date_gmt":"2022-06-01T20:09:54","guid":{"rendered":"https:\/\/pts.org.pl\/?p=6098"},"modified":"2022-06-01T20:14:01","modified_gmt":"2022-06-01T20:14:01","slug":"zaproszenie-na-wyklad-profesora-marka-zirk-sadowskiego-pt-prawo-w-czasach-antropocenu","status":"publish","type":"post","link":"https:\/\/pts.org.pl\/en\/zaproszenie-na-wyklad-profesora-marka-zirk-sadowskiego-pt-prawo-w-czasach-antropocenu\/","title":{"rendered":"Zaproszenie na wyk\u0142ad Profesora Marka Zirk-Sadowskiego pt. Prawo w czasach antropocenu"},"content":{"rendered":"<div class=\"fcbkbttn_buttons_block\" id=\"fcbkbttn_left\"><div class=\"fcbkbttn_button\">\n                            <a href=\"https:\/\/www.facebook.com\/\" target=\"_blank\">\n                                <img src=\"https:\/\/pts.org.pl\/wp-content\/plugins\/facebook-button-plugin\/images\/standard-facebook-ico.png\" alt=\"Fb-Button\" \/>\n                            <\/a>\n                        <\/div><div class=\"fcbkbttn_like \"><fb:like href=\"https:\/\/pts.org.pl\/en\/zaproszenie-na-wyklad-profesora-marka-zirk-sadowskiego-pt-prawo-w-czasach-antropocenu\/\" action=\"like\" colorscheme=\"light\" layout=\"button_count\"  size=\"small\"><\/fb:like><\/div><\/div>\n<p>Szanowni Pa\u0144stwo,<br><\/p>\n\n\n\n<p>w imieniu Dyrektor Instytutu Socjologii UJ dr hab. Kai Gadowskiej, prof. UJ mamy przyjemno\u015b\u0107 serdecznie zaprosi\u0107 Pa\u0144stwa na\u00a0<strong>wyk\u0142ad Profesora Marka Zirk-Sadowskiego pt. <em>Prawo w czasach antropocenu<\/em><\/strong>, kt\u00f3ry odb\u0119dzie si\u0119 w ramach cyklu\u00a0<em>Spotka\u0144 Mistrzowskich Instytutu Socjologii UJ<\/em>\u00a0\u2013 serii spotka\u0144 on-line z wybitnymi przedstawicielkami i przedstawicielami \u017cycia naukowego w Polsce i na \u015bwiecie.<\/p>\n\n\n\n<p>Kilka s\u0142\u00f3w o wyk\u0142adzie:\u00a0\u00a0\u00a0<\/p>\n\n\n\n<p><em>Wiedza o antropocenie jest cz\u0119sto uto\u017csamiana z ekologi\u0105. R\u00f3\u017cnica jest jednak istotna. Antropocen to kategoria o wiele bardziej dynamiczna i dotykaj\u0105ca samej ontologii naszego \u015bwiata. Pierwotnie nazwa ta zosta\u0142a u\u017cyta dla okre\u015blenia ery geologicznej i jej autorstwo przypisuje si\u0119 dw\u00f3m postaciom: laureatowi Nagrody Nobla P. Crutzenowi i biologowi E. Stoermeremowi. Kategoria geologiczna, oznaczaj\u0105ca przerwanie heliocenu aktywno\u015bci\u0105 cywilizacyjn\u0105 cz\u0142owieka okaza\u0142a si\u0119 punktem wyj\u015bcia dla dostrze\u017cenia zasadniczej wadliwo\u015bci ludzkiej cywilizacji technicznej. W tej dyskusji wa\u017cne jest jednak, \u017ce punktem wyj\u015bcia dla podj\u0119cia problematyki Antropocenu sta\u0142 si\u0119 <\/em><strong><em>opis naukowy<\/em><\/strong><em>, kt\u00f3ry pocz\u0105tkowo budzi\u0142 nieufno\u015b\u0107 podobn\u0105 do tej, kt\u00f3ra wsp\u00f3\u0142cze\u015bnie pojawi\u0142a si\u0119 w kontek\u015bcie pandemii koronawirusa. Zderzenie si\u0119 tych opis\u00f3w z mitami post\u0119pu, nada\u0142y antropocenowi charakter sensacji i pozwoli\u0142o mu na zaj\u0119cie wa\u017cnej pozycji r\u00f3wnie\u017c w kulturze popularnej (masowej).\u00a0<\/em><strong><em>Zjawiska spo\u0142eczno-polityczne<\/em><\/strong><em> sta\u0142y si\u0119 drugim wymiarem procesu przyswajania kategorii antropocenu i doprowadzi\u0142y do upowszechnienia si\u0119 wspomnianego naukowego opisu \u015bwiata pochodz\u0105cego z nauk empirycznych. Pojawienie si\u0119 nowych ideologii politycznych, takich jak powstanie w wielu krajach silnych partii tzw. Zielonych, okaza\u0142o si\u0119 zbyt ograniczon\u0105 reakcj\u0105 na problemy cywilizacyjne dostrze\u017cone przez \u015bwiadomo\u015b\u0107 antropocenu. Uwik\u0142anie tych partii w gry polityczne demokracji liberalnych os\u0142abi\u0142o radykalno\u015b\u0107 g\u0142oszonych przez nie postulat\u00f3w i proponowanych \u015brodk\u00f3w s\u0142u\u017c\u0105cych usuwaniu zagro\u017cenia.\u00a0Przede wszystkim na tle dyskusji o modelu relacji cz\u0142owiek \u2013 natura, ugruntowa\u0142 si\u0119 wymiar filozoficzny jako<\/em><strong><em> trzeci typ reakcji na problem antropocenu.<\/em><\/strong> <em>Niekiedy zasadnicz\u0105 rol\u0119 nie przypisuje si\u0119 konieczno\u015bci pojawienia si\u0119 nowej filozoficznej wizji \u015bwiata, ale tylko przebudowie humanistyki i prze\u0142amania w niej bariery oddzielaj\u0105cej j\u0105 od nauk \u015bcis\u0142ych i empirycznych. Zdaniem A. Thomas tylko humanistyka i nauki spo\u0142eczne, s\u0105 w stanie wyczerpuj\u0105co opisa\u0107 to, co mo\u017cemy utraci\u0107 niedostrzegaj\u0105c antropocenu, ale pod warunkiem samoprzemiany tych dziedzin wiedzy. Najwa\u017cniejszym postulatem jest odrzucenia sk\u0142onno\u015bci do separowania kategorii humanistycznych i naturalnych i przez to odpodmiotowienie natury, niedostrzeganie jej usytuowania w wymiarze normatywnym. Wreszcie <\/em><strong><em>czwarty swoisty wymiar reakcji na antropocen to prawo<\/em><\/strong><em> i jemu chcia\u0142bym po\u015bwi\u0119ci\u0107 znaczn\u0105 cz\u0119\u015b\u0107 wyk\u0142adu. Co zaskakuj\u0105ce, prawo ma wi\u0119ksze szanse dokonania postulowanego w innych dziedzinach kultury upodmiotowienia natury, cho\u0107 tylko w sensie prawnym. Po pierwsze, nale\u017cy zauwa\u017cy\u0107, \u017ce jurysprudencja obywa si\u0119 bez odwo\u0142ywania si\u0119 do program\u00f3w politycznych i filozofii. Wyznacza cele integruj\u0105c unormowania prawne i normatywno\u015bci spo\u0142eczne (R. Dworkin). Po drugie, rozw\u00f3j prawa ochrony \u015brodowiska, kt\u00f3re dzisiaj jest jedn\u0105 z najwa\u017cniejszych dziedzin prawa, doprowadzi\u0142 do powstania nowych kategorii prawnych, przygotowuj\u0105cych prawnik\u00f3w do rozszerzenia podmiotowo\u015bci twor\u00f3w przyrodniczych. Bezpiecze\u0144stwo ekologiczne jako instytucja prawa ochrony \u015brodowiska (P. Korzeniowski) i zawarta w nim zasada zr\u00f3wnowa\u017conego rozwoju, s\u0105 znacznym osi\u0105gni\u0119ciem wsp\u00f3\u0142czesnych prawodawstw. Lokalny dyskurs prawny nie jest jednak w stanie rozwi\u0105za\u0107 problem\u00f3w, kt\u00f3re ujawnia antropocen. Musz\u0105 by\u0107 one podejmowane na poziomie mi\u0119dzynarodowym. G\u0142\u00f3wnym problemem jest tzw. Rights of Nature (RoN), kt\u00f3ry oznacza budow\u0119 koncepcji praw natury na wz\u00f3r koncepcji prawa cz\u0142owieka. Ten zaskakuj\u0105cy postulat pojawia si\u0119 w prawniczych dyskusjach na temat skutk\u00f3w antropocenu. Czekamy zatem na nowego Grotiusa, ale czyni\u0105cego prawem pozytywnym prawa podmiotowe natury. Nadanie podmiotowo\u015bci prawnej przyrodzie zrodzi konieczno\u015b\u0107 powo\u0142ania instytucji mi\u0119dzynarodowych, chroni\u0105cych te prawa, np. Ombudsmana praw natury.\u00a0<\/em><\/p>\n\n\n\n<p class=\"has-text-align-right\">Profesor Marek Zirk-Sadowski\u00a0\u00a0\u00a0<\/p>\n\n\n\n<p>Wyk\u0142ad odb\u0119dzie si\u0119\u00a0<strong>9 czerwca<\/strong> (czwartek) <strong>o\u00a0godz. 18:00\u00a0<\/strong>na platformie MsTeams\u00a0\u00a0<\/p>\n\n\n\n<p>link do spotkania:\u00a0<\/p>\n\n\n\n<p><a rel=\"noreferrer noopener\" href=\"https:\/\/teams.microsoft.com\/l\/meetup-join\/19%3a08IB7Qn6XzjIf5ys6rUGwH2dqP9xhPCBtYUycCvOxoQ1%40thread.tacv2\/1653896442379?context=%7b%22Tid%22%3a%22eb0e26eb-bfbe-47d2-9e90-ebd2426dbceb%22%2c%22Oid%22%3a%2270064893-d07f-40d7-b83b-9fe3b0107d73%22%7d\" target=\"_blank\">https:\/\/teams.microsoft.com\/l\/meetup-join\/19%3a08IB7Qn6XzjIf5ys6rUGwH2dqP9xhPCBtYUycCvOxoQ1%40thread.tacv2\/1653896442379?context=%7b%22Tid%22%3a%22eb0e26eb-bfbe-47d2-9e90-ebd2426dbceb%22%2c%22Oid%22%3a%2270064893-d07f-40d7-b83b-9fe3b0107d73%22%7d<\/a>\u00a0\u00a0<\/p>\n\n\n\n<p><strong>Marek Zirk-Sadowski<\/strong>\u00a0&#8211; profesor nauk prawnych, ucze\u0144 prof. Jerzego Wr\u00f3blewskiego. Od 1990 r. kierowa\u0142 Katedr\u0105 Teorii i Filozofii Prawa Wydzia\u0142u Prawa i Administracji U\u0141. Dwukrotnie by\u0142 Dziekanem Wydzia\u0142u i Prorektorem U\u0141. By\u0142 stypendyst\u0105 rz\u0105du w\u0142oskiego (1989), Szkockiego Kr\u00f3lewskiego Towarzystwa Naukowego (1993). Prowadzi\u0142 badania w zakresie teorii i filozofii prawa (teorie s\u0105dowego stosowania prawa, teorie wyk\u0142adni prawa, aksjologia prawa, analityczna filozofia prawa, hermeneutyka prawnicza,\u00a0teoria\u00a0i\u00a0filozofia prawa UE). By\u0142 kierownikiem kilku grant\u00f3w NCN, m. in.:\u00a0<em>Problem to\u017csamo\u015bci prawa i wsp\u00f3lnej kultury prawnej w teorii prawa; Rola zasady wzajemnego uznania i moralno\u015bci instytucjonalnej w uzasadnieniu oraz (re)dystrybuowaniu praw cz\u0142owieka<\/em>.\u00a0W latach 2003-2011 by\u0142 wiceprezydentem Mi\u0119dzynarodowego Stowarzyszenia Filozofii Prawa Filozofii Spo\u0142ecznej (IVR). Od 1994 r. jest s\u0119dzi\u0105 NSA. W latach 2016 do 2022 by\u0142 Prezesem tego S\u0105du.\u00a0Opublikowa\u0142 ponad 200 prac naukowych, w tym kilkana\u015bcie ksi\u0105\u017cek jako autor i wsp\u00f3\u0142autor.\u00a0Najwa\u017cniejsze to: Rozumienie ocen w j\u0119zyku prawnym (1985), The Polish Transformation from the Perspective of European Integration (wsp\u00f3\u0142autor, 1997); Accession or Integration? Poland\u2019s Road to the European Union (wsp\u00f3\u0142autor, 1998); Prawo a uczestniczenie w kulturze (1998); Multicentrism as an Emerging Paradigm in Legal Theory (z zespo\u0142em, 2009); Wyk\u0142adnia w prawie administracyjnym (wsp\u00f3\u0142autor, 2014); Towards recognition of Minority Groups.\u00a0Legal and Communication Strategies (z zespo\u0142em, 2014). Wprowadzenie do filozofii prawa (3 wyd. w 2021).\u00a0\u00a0Od 2010 r. jest redaktorem naczelnym &#8220;Archiwum Filozofii Prawa i Filozofii Spo\u0142ecznej&#8221;, wyd. Wolter Kluwers.\u00a0\u00a0<br><\/p>\n\n\n\n<p><strong>Organizator:<\/strong><br>Instytut Socjologii Uniwersytetu Jagiello\u0144skiego w Krakowie<\/p>\n\n\n\n<p><strong>Wsp\u00f3\u0142organizatorzy:<\/strong><br>Interdyscyplinarne Centrum Analiz Spo\u0142eczno-Prawnych UJ<br>Sekcja Socjologii Prawa Polskiego Towarzystwa Socjologicznego\u00a0<\/p>\n\n\n\n<figure class=\"wp-block-gallery columns-1 is-cropped\"><ul class=\"blocks-gallery-grid\"><li class=\"blocks-gallery-item\"><figure><img loading=\"lazy\" width=\"724\" height=\"1024\" src=\"https:\/\/pts.org.pl\/wp-content\/uploads\/2022\/06\/Prawo-w-czasach-antropocenu-2-724x1024.png\" alt=\"\" data-id=\"6103\" data-full-url=\"https:\/\/pts.org.pl\/wp-content\/uploads\/2022\/06\/Prawo-w-czasach-antropocenu-2.png\" data-link=\"https:\/\/pts.org.pl\/zaproszenie-na-wyklad-profesora-marka-zirk-sadowskiego-pt-prawo-w-czasach-antropocenu\/prawo-w-czasach-antropocenu-2\/\" class=\"wp-image-6103\" srcset=\"https:\/\/pts.org.pl\/wp-content\/uploads\/2022\/06\/Prawo-w-czasach-antropocenu-2-724x1024.png 724w, https:\/\/pts.org.pl\/wp-content\/uploads\/2022\/06\/Prawo-w-czasach-antropocenu-2-212x300.png 212w, https:\/\/pts.org.pl\/wp-content\/uploads\/2022\/06\/Prawo-w-czasach-antropocenu-2-768x1086.png 768w, https:\/\/pts.org.pl\/wp-content\/uploads\/2022\/06\/Prawo-w-czasach-antropocenu-2-1086x1536.png 1086w, https:\/\/pts.org.pl\/wp-content\/uploads\/2022\/06\/Prawo-w-czasach-antropocenu-2-1448x2048.png 1448w, https:\/\/pts.org.pl\/wp-content\/uploads\/2022\/06\/Prawo-w-czasach-antropocenu-2.png 1587w\" sizes=\"(max-width: 724px) 100vw, 724px\" \/><\/figure><\/li><\/ul><\/figure>\n\n\n\n<p><\/p>\n","protected":false},"excerpt":{"rendered":"<p>Szanowni Pa\u0144stwo, w imieniu Dyrektor Instytutu Socjologii UJ dr hab. Kai Gadowskiej, prof. UJ mamy przyjemno\u015b\u0107 serdecznie zaprosi\u0107 Pa\u0144stwa na\u00a0wyk\u0142ad Profesora Marka Zirk-Sadowskiego pt. Prawo w czasach antropocenu, kt\u00f3ry odb\u0119dzie si\u0119 w ramach cyklu\u00a0Spotka\u0144 Mistrzowskich Instytutu Socjologii UJ\u00a0\u2013 serii spotka\u0144 on-line z wybitnymi przedstawicielkami i przedstawicielami \u017cycia naukowego w Polsce i na \u015bwiecie. Kilka s\u0142\u00f3w [&hellip;]<\/p>\n","protected":false},"author":11,"featured_media":0,"comment_status":"open","ping_status":"open","sticky":false,"template":"","format":"standard","meta":[],"categories":[],"tags":[],"_links":{"self":[{"href":"https:\/\/pts.org.pl\/en\/wp-json\/wp\/v2\/posts\/6098"}],"collection":[{"href":"https:\/\/pts.org.pl\/en\/wp-json\/wp\/v2\/posts"}],"about":[{"href":"https:\/\/pts.org.pl\/en\/wp-json\/wp\/v2\/types\/post"}],"author":[{"embeddable":true,"href":"https:\/\/pts.org.pl\/en\/wp-json\/wp\/v2\/users\/11"}],"replies":[{"embeddable":true,"href":"https:\/\/pts.org.pl\/en\/wp-json\/wp\/v2\/comments?post=6098"}],"version-history":[{"count":2,"href":"https:\/\/pts.org.pl\/en\/wp-json\/wp\/v2\/posts\/6098\/revisions"}],"predecessor-version":[{"id":6104,"href":"https:\/\/pts.org.pl\/en\/wp-json\/wp\/v2\/posts\/6098\/revisions\/6104"}],"wp:attachment":[{"href":"https:\/\/pts.org.pl\/en\/wp-json\/wp\/v2\/media?parent=6098"}],"wp:term":[{"taxonomy":"category","embeddable":true,"href":"https:\/\/pts.org.pl\/en\/wp-json\/wp\/v2\/categories?post=6098"},{"taxonomy":"post_tag","embeddable":true,"href":"https:\/\/pts.org.pl\/en\/wp-json\/wp\/v2\/tags?post=6098"}],"curies":[{"name":"wp","href":"https:\/\/api.w.org\/{rel}","templated":true}]}}