{"id":6086,"date":"2022-06-01T14:36:23","date_gmt":"2022-06-01T14:36:23","guid":{"rendered":"https:\/\/pts.org.pl\/?p=6086"},"modified":"2022-09-02T12:37:27","modified_gmt":"2022-09-02T12:37:27","slug":"konkurs-im-profesor-elzbiety-tarkowskiej-edycja-vi","status":"publish","type":"post","link":"https:\/\/pts.org.pl\/en\/konkurs-im-profesor-elzbiety-tarkowskiej-edycja-vi\/","title":{"rendered":"Konkurs im. Profesor El\u017cbiety Tarkowskiej &#8211; Edycja VI"},"content":{"rendered":"<div class=\"fcbkbttn_buttons_block\" id=\"fcbkbttn_left\"><div class=\"fcbkbttn_button\">\n                            <a href=\"https:\/\/www.facebook.com\/\" target=\"_blank\">\n                                <img src=\"https:\/\/pts.org.pl\/wp-content\/plugins\/facebook-button-plugin\/images\/standard-facebook-ico.png\" alt=\"Fb-Button\" \/>\n                            <\/a>\n                        <\/div><div class=\"fcbkbttn_like \"><fb:like href=\"https:\/\/pts.org.pl\/en\/konkurs-im-profesor-elzbiety-tarkowskiej-edycja-vi\/\" action=\"like\" colorscheme=\"light\" layout=\"button_count\"  size=\"small\"><\/fb:like><\/div><\/div>\n<p class=\"has-text-align-left\"><strong>Konkurs im. Profesor El\u017cbiety Tarkowskiej &#8211; Edycja VI o nagrod\u0119 za autorsk\u0105 (wsp\u00f3\u0142autorsk\u0105) prac\u0119 naukow\u0105 z zakresu nauk spo\u0142ecznych o problemach ub\u00f3stwa i wynikaj\u0105cego z niego wykluczenia spo\u0142ecznego<\/strong><\/p>\n\n\n\n<p class=\"has-text-align-left\">Nagrodzona mo\u017ce by\u0107 praca opublikowana w 2020 lub 2021 roku jako recenzowana monografia naukowa, recenzowany artyku\u0142 w polskim czasopi\u015bmie naukowym albo rozdzia\u0142 w recenzowanej monografii zbiorowej.<\/p>\n\n\n\n<p class=\"has-text-align-left\">Przyznana zostanie jedna nagroda w wysoko\u015bci 3000 z\u0142. Prac\u0119 konkursow\u0105 wraz z podpisanym odpowiednim formularzem zg\u0142oszeniowym nale\u017cy przes\u0142a\u0107 na adres&nbsp;<a href=\"mailto:konkurstarkowskiej@pts.org.pl\" target=\"_blank\" rel=\"noreferrer noopener\">konkurstarkowskiej@pts.org.pl<\/a>&nbsp;do dnia 20 wrze\u015bnia 2022 r. do godz. 23:59:59, po zapoznaniu si\u0119 z Regulaminem VI Edycji Konkursu.<\/p>\n\n\n\n<p class=\"has-text-align-left\">Poni\u017cej og\u0142oszenie z zaproszeniem do udzia\u0142u w Konkursie im. Profesor El\u017cbiety Tarkowskiej i Regulamin VI Edycji Konkursu z za\u0142\u0105cznikami. Dodatkowe informacje na temat Konkursu mo\u017cna uzyska\u0107, pisz\u0105c na adres&nbsp;<a rel=\"noreferrer noopener\" href=\"mailto:konkurstarkowskiej@pts.org.pl\" target=\"_blank\">konkurstarkowskiej@pts.org.pl<\/a><\/p>\n\n\n\n<p class=\"has-text-align-left\">Do udzia\u0142u w VI Edycji Konkursu zapraszaj\u0105: Instytut Filozofii i Socjologii Akademii Pedagogiki Specjalnej im. Marii Grzegorzewskiej, Instytut Studi\u00f3w Politycznych Polskiej Akademii Nauk &#8211; wydawca kwartalnika \u201eKultura i Spo\u0142ecze\u0144stwo\u201d oraz Polskie Towarzystwo Socjologiczne, kt\u00f3re jest inicjatorem Konkursu im. Profesor El\u017cbiety Tarkowskiej.<\/p>\n","protected":false},"excerpt":{"rendered":"<p>Konkurs im. Profesor El\u017cbiety Tarkowskiej &#8211; Edycja VI o nagrod\u0119 za autorsk\u0105 (wsp\u00f3\u0142autorsk\u0105) prac\u0119 naukow\u0105 z zakresu nauk spo\u0142ecznych o problemach ub\u00f3stwa i wynikaj\u0105cego z niego wykluczenia spo\u0142ecznego Nagrodzona mo\u017ce by\u0107 praca opublikowana w 2020 lub 2021 roku jako recenzowana monografia naukowa, recenzowany artyku\u0142 w polskim czasopi\u015bmie naukowym albo rozdzia\u0142 w recenzowanej monografii zbiorowej. Przyznana [&hellip;]<\/p>\n","protected":false},"author":111268,"featured_media":0,"comment_status":"open","ping_status":"open","sticky":false,"template":"","format":"standard","meta":[],"categories":[],"tags":[],"_links":{"self":[{"href":"https:\/\/pts.org.pl\/en\/wp-json\/wp\/v2\/posts\/6086"}],"collection":[{"href":"https:\/\/pts.org.pl\/en\/wp-json\/wp\/v2\/posts"}],"about":[{"href":"https:\/\/pts.org.pl\/en\/wp-json\/wp\/v2\/types\/post"}],"author":[{"embeddable":true,"href":"https:\/\/pts.org.pl\/en\/wp-json\/wp\/v2\/users\/111268"}],"replies":[{"embeddable":true,"href":"https:\/\/pts.org.pl\/en\/wp-json\/wp\/v2\/comments?post=6086"}],"version-history":[{"count":3,"href":"https:\/\/pts.org.pl\/en\/wp-json\/wp\/v2\/posts\/6086\/revisions"}],"predecessor-version":[{"id":6178,"href":"https:\/\/pts.org.pl\/en\/wp-json\/wp\/v2\/posts\/6086\/revisions\/6178"}],"wp:attachment":[{"href":"https:\/\/pts.org.pl\/en\/wp-json\/wp\/v2\/media?parent=6086"}],"wp:term":[{"taxonomy":"category","embeddable":true,"href":"https:\/\/pts.org.pl\/en\/wp-json\/wp\/v2\/categories?post=6086"},{"taxonomy":"post_tag","embeddable":true,"href":"https:\/\/pts.org.pl\/en\/wp-json\/wp\/v2\/tags?post=6086"}],"curies":[{"name":"wp","href":"https:\/\/api.w.org\/{rel}","templated":true}]}}