{"id":6068,"date":"2022-04-20T16:33:15","date_gmt":"2022-04-20T16:33:15","guid":{"rendered":"https:\/\/pts.org.pl\/?p=6068"},"modified":"2022-04-20T16:33:18","modified_gmt":"2022-04-20T16:33:18","slug":"zmarl-michal-strzeszewski","status":"publish","type":"post","link":"https:\/\/pts.org.pl\/en\/zmarl-michal-strzeszewski\/","title":{"rendered":"Zmar\u0142 Micha\u0142 Strzeszewski"},"content":{"rendered":"<div class=\"fcbkbttn_buttons_block\" id=\"fcbkbttn_left\"><div class=\"fcbkbttn_button\">\n                            <a href=\"https:\/\/www.facebook.com\/\" target=\"_blank\">\n                                <img src=\"https:\/\/pts.org.pl\/wp-content\/plugins\/facebook-button-plugin\/images\/standard-facebook-ico.png\" alt=\"Fb-Button\" \/>\n                            <\/a>\n                        <\/div><div class=\"fcbkbttn_like \"><fb:like href=\"https:\/\/pts.org.pl\/en\/zmarl-michal-strzeszewski\/\" action=\"like\" colorscheme=\"light\" layout=\"button_count\"  size=\"small\"><\/fb:like><\/div><\/div>\n<p>Micha\u0142 Strzeszewski zmar\u0142 tu\u017c po \u015awi\u0119tach Wielkanocnych. Cz\u0142onek PTS od 1965 r. W spo\u0142eczno\u015bci socjolog\u00f3w od czas\u00f3w, kiedy by\u0142a tak\u017ce kr\u0119giem towarzyskim, w kt\u00f3rym by\u0142 zawsze postaci\u0105 zauwa\u017caln\u0105. Po uko\u0144czeniu w 1965 r. studi\u00f3w pracowa\u0142 do 1982 r. w OBOP &#8211;&nbsp;pierwszym o\u015brodku badania opinii w Polsce. Po Sierpniu 1980 r. wszed\u0142 w sk\u0142ad zespo\u0142u O\u015brodka Bada\u0144 Spo\u0142ecznych przy Solidarno\u015bci Regionu Mazowsze. Od 1992 r. do emerytury w CBOS. Tak\u017ce p\u00f3\u017aniej zajmowa\u0142 si\u0119 badaniami spo\u0142ecznymi.<\/p>\n\n\n\n<p>Pogrzeb odb\u0119dzie si\u0119 w pi\u0105tek 22 kwietnia o godz. 9:00 w ko\u015bciele \u015bw. Marii Magdaleny w Warszawie na Wawrzyszewie, gdzie b\u0119dzie pochowany na tamtejszym cmentarzu w rodzinnym grobie.<\/p>\n","protected":false},"excerpt":{"rendered":"<p>Micha\u0142 Strzeszewski zmar\u0142 tu\u017c po \u015awi\u0119tach Wielkanocnych. Cz\u0142onek PTS od 1965 r. W spo\u0142eczno\u015bci socjolog\u00f3w od czas\u00f3w, kiedy by\u0142a tak\u017ce kr\u0119giem towarzyskim, w kt\u00f3rym by\u0142 zawsze postaci\u0105 zauwa\u017caln\u0105. Po uko\u0144czeniu w 1965 r. studi\u00f3w pracowa\u0142 do 1982 r. w OBOP &#8211;&nbsp;pierwszym o\u015brodku badania opinii w Polsce. Po Sierpniu 1980 r. wszed\u0142 w sk\u0142ad zespo\u0142u O\u015brodka [&hellip;]<\/p>\n","protected":false},"author":11,"featured_media":0,"comment_status":"open","ping_status":"open","sticky":false,"template":"","format":"standard","meta":[],"categories":[],"tags":[],"_links":{"self":[{"href":"https:\/\/pts.org.pl\/en\/wp-json\/wp\/v2\/posts\/6068"}],"collection":[{"href":"https:\/\/pts.org.pl\/en\/wp-json\/wp\/v2\/posts"}],"about":[{"href":"https:\/\/pts.org.pl\/en\/wp-json\/wp\/v2\/types\/post"}],"author":[{"embeddable":true,"href":"https:\/\/pts.org.pl\/en\/wp-json\/wp\/v2\/users\/11"}],"replies":[{"embeddable":true,"href":"https:\/\/pts.org.pl\/en\/wp-json\/wp\/v2\/comments?post=6068"}],"version-history":[{"count":1,"href":"https:\/\/pts.org.pl\/en\/wp-json\/wp\/v2\/posts\/6068\/revisions"}],"predecessor-version":[{"id":6069,"href":"https:\/\/pts.org.pl\/en\/wp-json\/wp\/v2\/posts\/6068\/revisions\/6069"}],"wp:attachment":[{"href":"https:\/\/pts.org.pl\/en\/wp-json\/wp\/v2\/media?parent=6068"}],"wp:term":[{"taxonomy":"category","embeddable":true,"href":"https:\/\/pts.org.pl\/en\/wp-json\/wp\/v2\/categories?post=6068"},{"taxonomy":"post_tag","embeddable":true,"href":"https:\/\/pts.org.pl\/en\/wp-json\/wp\/v2\/tags?post=6068"}],"curies":[{"name":"wp","href":"https:\/\/api.w.org\/{rel}","templated":true}]}}