{"id":6063,"date":"2022-04-19T13:49:45","date_gmt":"2022-04-19T13:49:45","guid":{"rendered":"https:\/\/pts.org.pl\/?p=6063"},"modified":"2022-04-19T13:49:48","modified_gmt":"2022-04-19T13:49:48","slug":"wirtualne-seminarium-socjologii-ciala-metoda-feldenkraisa-teoria-i-praktyka-pracy-z-cialem","status":"publish","type":"post","link":"https:\/\/pts.org.pl\/en\/wirtualne-seminarium-socjologii-ciala-metoda-feldenkraisa-teoria-i-praktyka-pracy-z-cialem\/","title":{"rendered":"Wirtualne Seminarium Socjologii Cia\u0142a: Metoda Feldenkraisa \u2013 teoria i praktyka pracy z cia\u0142em"},"content":{"rendered":"<div class=\"fcbkbttn_buttons_block\" id=\"fcbkbttn_left\"><div class=\"fcbkbttn_button\">\n                            <a href=\"https:\/\/www.facebook.com\/\" target=\"_blank\">\n                                <img src=\"https:\/\/pts.org.pl\/wp-content\/plugins\/facebook-button-plugin\/images\/standard-facebook-ico.png\" alt=\"Fb-Button\" \/>\n                            <\/a>\n                        <\/div><div class=\"fcbkbttn_like \"><fb:like href=\"https:\/\/pts.org.pl\/en\/wirtualne-seminarium-socjologii-ciala-metoda-feldenkraisa-teoria-i-praktyka-pracy-z-cialem\/\" action=\"like\" colorscheme=\"light\" layout=\"button_count\"  size=\"small\"><\/fb:like><\/div><\/div>\n<p>22.04 w godzinach 12.04-14:00 odb\u0119dzie si\u0119 pierwsze w tym roku Wirtualne Seminarium Socjologii Cia\u0142a. Go\u015bci\u0107 na nim b\u0119dziemy&nbsp;dr Katarzyn\u0119 Salamon-Krakowsk\u0105, kt\u00f3ra przedstawi referat &#8220;<strong>Metoda Feldenkraisa \u2013 teoria i praktyka pracy z cia\u0142em<\/strong>&#8220;.&nbsp;Tym spotkaniem chcemy otworzy\u0107 nowy rodzaj seminari\u00f3w, na kt\u00f3re zaprasza\u0107 b\u0119dziemy osoby zajmuj\u0105ce si\u0119 tematyk\u0105 cielesno\u015bci w innych perspektywach teoretycznych ni\u017c socjologia, a tak\u017ce praktyk\u00f3w pracy z cia\u0142em.<\/p>\n\n\n\n<p>Link do wydarzenia na Facebooku:&nbsp;<a href=\"https:\/\/fb.me\/e\/1pdeDnixj\" target=\"_blank\" rel=\"noreferrer noopener\">https:\/\/fb.me\/e\/1pdeDnixj<\/a><\/p>\n\n\n\n<p>Tym razem, wyj\u0105tkowo, nie publikujemy informacji o WSSC na stronie internetowej Sekcji z uwagi na prace nad jej przeniesieniem na Multiportal U\u0141.<\/p>\n\n\n\n<p>Zapisy: byczkowska.owczarek@uni.lodz.pl<\/p>\n\n\n\n<p>Szczeg\u00f3\u0142owe informacje dotycz\u0105ce referentki i samej metody:<\/p>\n\n\n\n<p>Metoda Feldenkraisa jest form\u0105 edukacji somatycznej, w ramach kt\u00f3rej aktualizujemy obraz siebie. Ten rodzaj zaj\u0119\u0107 ruchowych przyczynia si\u0119 do zwi\u0119kszenia \u015bwiadomo\u015bci nie tylko w zakresie wzorc\u00f3w motorycznych, lecz r\u00f3wnie\u017c wzorc\u00f3w reakcji emocjonalnych i schemat\u00f3w my\u015blowych. Zmiany zachodz\u0105ce pod wp\u0142ywem zaj\u0119\u0107 sprzyjaj\u0105 wyciszeniu i mog\u0105 wp\u0142ywa\u0107 na autoregulacj\u0119 stan\u00f3w napi\u0119ciowych.<\/p>\n\n\n\n<p>Teoretyczne podstawy metody maj\u0105 \u017ar\u00f3d\u0142o zar\u00f3wno w koncepcjach filozoficznych, jak r\u00f3wnie\u017c rozwojowych i neurobiologicznych.<\/p>\n\n\n\n<p><br>Katarzyna Salamon-Krakowska- doktor nauk humanistycznych, certyfikowany nauczyciel metody Feldenkraisa oraz metody Bones for Life. Zainteresowania naukowe skupiaj\u0105 si\u0119 wok\u00f3\u0142 zagadnie\u0144 dotycz\u0105cych \u015bwiadomo\u015bci cia\u0142a, edukacji somatycznej oraz holistycznie pojmowanej natury bytu ludzkiego. W roku 2018 uko\u0144czy\u0142a w Madrycie czteroletnie szkolenie z metody Feldenkraisa uzyskuj\u0105c tytu\u0142 certyfikowanego nauczyciela. Jest autork\u0105 wielu publikacji dotycz\u0105cych integralno\u015bci psychosomatycznej cz\u0142owieka oraz edukacji somatycznej jest, mi\u0119dzy innymi, wsp\u00f3\u0142autork\u0105 ksi\u0105\u017cki \u201e\u015awiadome cia\u0142o. Cielesno\u015b\u0107 w psychoterapii, terapii traumy i rozwoju osobistym\u201d.<br>Jej najwi\u0119ksz\u0105 fascynacj\u0105 jest Metoda Feldenkraisa \u2013 forma \u015bwiadomego ruchu. B\u0119d\u0105c przekonan\u0105 o konieczno\u015bci nieinstrumentalnego traktowania cia\u0142a ludzkiego, propaguje edukacj\u0119 somatyczn\u0105, w ramach kt\u00f3rej cz\u0142owiek obdarza trosk\u0105 siebie jako psychofizyczn\u0105 ca\u0142o\u015b\u0107.<\/p>\n\n\n\n<p>Link do profilu na FB:<br><a href=\"https:\/\/www.facebook.com\/profile.php?id=100063609790224&amp;__cft__%5b0%5d=AZUy0iLo2OUpHl0gTIeeQdHVSQGie-d5ntlBQCYeGfo_ascuLFwXWZ0LAsnfJH3n9K6MSzkI9xzZJffPBnobdNRVj7HX_pqkk-XamdVNI3DxUd377R3qTICGiJ8llxagzNU&amp;__tn__=q\" target=\"_blank\" rel=\"noreferrer noopener\">https:\/\/www.facebook.com\/profile.php?id=100063609790224<\/a><\/p>\n","protected":false},"excerpt":{"rendered":"<p>22.04 w godzinach 12.04-14:00 odb\u0119dzie si\u0119 pierwsze w tym roku Wirtualne Seminarium Socjologii Cia\u0142a. Go\u015bci\u0107 na nim b\u0119dziemy&nbsp;dr Katarzyn\u0119 Salamon-Krakowsk\u0105, kt\u00f3ra przedstawi referat &#8220;Metoda Feldenkraisa \u2013 teoria i praktyka pracy z cia\u0142em&#8220;.&nbsp;Tym spotkaniem chcemy otworzy\u0107 nowy rodzaj seminari\u00f3w, na kt\u00f3re zaprasza\u0107 b\u0119dziemy osoby zajmuj\u0105ce si\u0119 tematyk\u0105 cielesno\u015bci w innych perspektywach teoretycznych ni\u017c socjologia, a tak\u017ce [&hellip;]<\/p>\n","protected":false},"author":11,"featured_media":0,"comment_status":"open","ping_status":"open","sticky":false,"template":"","format":"standard","meta":[],"categories":[],"tags":[],"_links":{"self":[{"href":"https:\/\/pts.org.pl\/en\/wp-json\/wp\/v2\/posts\/6063"}],"collection":[{"href":"https:\/\/pts.org.pl\/en\/wp-json\/wp\/v2\/posts"}],"about":[{"href":"https:\/\/pts.org.pl\/en\/wp-json\/wp\/v2\/types\/post"}],"author":[{"embeddable":true,"href":"https:\/\/pts.org.pl\/en\/wp-json\/wp\/v2\/users\/11"}],"replies":[{"embeddable":true,"href":"https:\/\/pts.org.pl\/en\/wp-json\/wp\/v2\/comments?post=6063"}],"version-history":[{"count":1,"href":"https:\/\/pts.org.pl\/en\/wp-json\/wp\/v2\/posts\/6063\/revisions"}],"predecessor-version":[{"id":6064,"href":"https:\/\/pts.org.pl\/en\/wp-json\/wp\/v2\/posts\/6063\/revisions\/6064"}],"wp:attachment":[{"href":"https:\/\/pts.org.pl\/en\/wp-json\/wp\/v2\/media?parent=6063"}],"wp:term":[{"taxonomy":"category","embeddable":true,"href":"https:\/\/pts.org.pl\/en\/wp-json\/wp\/v2\/categories?post=6063"},{"taxonomy":"post_tag","embeddable":true,"href":"https:\/\/pts.org.pl\/en\/wp-json\/wp\/v2\/tags?post=6063"}],"curies":[{"name":"wp","href":"https:\/\/api.w.org\/{rel}","templated":true}]}}