{"id":6050,"date":"2022-04-07T15:39:24","date_gmt":"2022-04-07T15:39:24","guid":{"rendered":"https:\/\/pts.org.pl\/?p=6050"},"modified":"2022-04-07T15:45:43","modified_gmt":"2022-04-07T15:45:43","slug":"zaproszenie-na-wyklad-profesora-andrzeja-rycharda-pt-instytucje-w-stanach-nadzwyczajnych-czy-instytucje-stanow-nadzwyczajnych","status":"publish","type":"post","link":"https:\/\/pts.org.pl\/en\/zaproszenie-na-wyklad-profesora-andrzeja-rycharda-pt-instytucje-w-stanach-nadzwyczajnych-czy-instytucje-stanow-nadzwyczajnych\/","title":{"rendered":"Zaproszenie na wyk\u0142ad Profesora Andrzeja Rycharda pt. Instytucje w stanach nadzwyczajnych czy instytucje stan\u00f3w nadzwyczajnych?"},"content":{"rendered":"<div class=\"fcbkbttn_buttons_block\" id=\"fcbkbttn_left\"><div class=\"fcbkbttn_button\">\n                            <a href=\"https:\/\/www.facebook.com\/\" target=\"_blank\">\n                                <img src=\"https:\/\/pts.org.pl\/wp-content\/plugins\/facebook-button-plugin\/images\/standard-facebook-ico.png\" alt=\"Fb-Button\" \/>\n                            <\/a>\n                        <\/div><div class=\"fcbkbttn_like \"><fb:like href=\"https:\/\/pts.org.pl\/en\/zaproszenie-na-wyklad-profesora-andrzeja-rycharda-pt-instytucje-w-stanach-nadzwyczajnych-czy-instytucje-stanow-nadzwyczajnych\/\" action=\"like\" colorscheme=\"light\" layout=\"button_count\"  size=\"small\"><\/fb:like><\/div><\/div>\n<p>Szanowni Pa\u0144stwo,<\/p>\n\n\n\n<p>w imieniu Dyrektor Instytutu Socjologii UJ dr hab. Kai Gadowskiej, prof. UJ mamy przyjemno\u015b\u0107 serdecznie zaprosi\u0107 Pa\u0144stwa na\u00a0<strong>wyk\u0142ad Profesora Andrzeja Rycharda pt.\u00a0<em>Instytucje w stanach nadzwyczajnych czy instytucje stan\u00f3w nadzwyczajnych?<\/em><\/strong>, kt\u00f3ry odb\u0119dzie si\u0119 w ramach cyklu\u00a0<em>Spotka\u0144 Mistrzowskich Instytutu Socjologii UJ<\/em>\u00a0\u2013 serii spotka\u0144 on-line z wybitnymi przedstawicielkami i przedstawicielami \u017cycia naukowego w Polsce i na \u015bwiecie.<br><br>\u00a0\u00a0<\/p>\n\n\n\n<p>Kilka s\u0142\u00f3w o wyk\u0142adzie:&nbsp;&nbsp;<\/p>\n\n\n\n<p><em>Pandemia i rosyjska agresja to niew\u0105tpliwie sytuacje nadzwyczajne. Jak\u0105 rol\u0119 w takich okresach pe\u0142ni\u0105 instytucje, szczeg\u00f3lnie te, kt\u00f3re stoj\u0105&nbsp;na stra\u017cy \u0142adu demokratycznego i chroni\u0105cego praworz\u0105dno\u015b\u0107? Takie sytuacje tworz\u0105 swoisty paradoks: s\u0105 to okresy zmiany, tak\u017ce dotycz\u0105cej instytucji. I pojawia si\u0119 klasyczne pytanie: jak zmiana instytucjonalna mo\u017ce by\u0107 stabilizowana przez same instytucje, skoro to ich w\u0142a\u015bnie zmiana dotyczy? Nawi\u0105zuj\u0105c do koncepcji Douglas\u2019a North\u2019a:&nbsp;&nbsp;jak instytucje mog\u0105 stabilizowa\u0107 regu\u0142y gry, skoro to gra w\u0142a\u015bnie o regu\u0142y? Niekiedy, jak w przypadku zmiany cho\u0107 cz\u0119\u015bciowo sterowanej (np. transformacja) ten dylemat daje si\u0119 rozwi\u0105za\u0107. Trudniej, gdy zmiana jest nieoczekiwana, gdy staje si\u0119 w\u0142a\u015bnie \u201esytuacj\u0105 nadzwyczajn\u0105\u201d.&nbsp;<\/em>&nbsp;<\/p>\n\n\n\n<p><em>Dyskutowana b\u0119dzie pojawiaj\u0105ca si\u0119 w\u00f3wczas pokusa si\u0119gania po rozwi\u0105zania \u201ezawieszaj\u0105ce\u201d dzia\u0142ania instytucji demokratycznych jako rzekomo mniej sprawnych w okresach nadzwyczajnych. I w\u00f3wczas zamiast zwyczajnych instytucji w sytuacjach nadzwyczajnych mamy \u201einstytucje stan\u00f3w nadzwyczajnych\u201d. Wskazywane b\u0119d\u0105 czynniki zwi\u0119kszaj\u0105ce i zmniejszaj\u0105ce prawdopodobie\u0144stwo pojawiania si\u0119 takich pokus.&nbsp;&nbsp;<\/em><\/p>\n\n\n\n<p>Profesor Andrzej Rychard&nbsp;<\/p>\n\n\n\n<p>Wyk\u0142ad odb\u0119dzie si\u0119\u00a0<strong>21 kwietnia\u00a0<\/strong>(czwartek)<strong>\u00a0o\u00a0godz. 18:00\u00a0<\/strong>na platformie MsTeams\u00a0\u00a0<\/p>\n\n\n\n<p>link do spotkania:\u00a0<\/p>\n\n\n\n<p><a rel=\"noreferrer noopener\" href=\"https:\/\/teams.microsoft.com\/l\/meetup-join\/19%3axuuKx8dUYd0okYhGa_Bn4wHbUwfAF_wU9_4tH5btK_Q1%40thread.tacv2\/1649148201440?context=%7b%22Tid%22%3a%22eb0e26eb-bfbe-47d2-9e90-ebd2426dbceb%22%2c%22Oid%22%3a%2270064893-d07f-40d7-b83b-9fe3b0107d73%22%7d\" target=\"_blank\">https:\/\/teams.microsoft.com\/l\/meetup-join\/19%3axuuKx8dUYd0okYhGa_Bn4wHbUwfAF_wU9_4tH5btK_Q1%40thread.tacv2\/1649148201440?context=%7b%22Tid%22%3a%22eb0e26eb-bfbe-47d2-9e90-ebd2426dbceb%22%2c%22Oid%22%3a%2270064893-d07f-40d7-b83b-9fe3b0107d73%22%7d<\/a>\u00a0\u00a0<\/p>\n\n\n\n<p><strong>Profesor Andrzej Rychard<\/strong>&nbsp;&#8211; socjolog, cz\u0142onek korespondent PAN, dyrektor Instytutu Filozofii i Socjologii PAN, Przewodnicz\u0105cy Rady Fundacji im. Stefana Batorego, cz\u0142onek Interdyscyplinarnego Zespo\u0142u ds. COVID-19 przy Prezesie PAN. Cz\u0142onek Komitetu Socjologii PAN, wyk\u0142adowca i&nbsp;<em>visiting profesor<\/em>&nbsp;na wielu uniwersytetach zagranicznych.&nbsp;&nbsp;<\/p>\n\n\n\n<p>Zajmuje si\u0119 socjologi\u0105 instytucji, socjologi\u0105 polityki, gospodarki oraz socjologi\u0105 postkomunistycznej transformacji. Ostatnio pracuje nad teoretycznymi uj\u0119ciami proces\u00f3w transformacji i kontr-transformacji oraz w ramach grantu NCN nad instytucjonalizacj\u0105 i legitymizacj\u0105 podatku od dochod\u00f3w osobistych, g\u0142ownie na pocz\u0105tku lat 90. Komentator w mediach polskich i zagranicznych.&nbsp;&nbsp;<\/p>\n\n\n\n<p>Autor wielu publikacji polskich i zagranicznych. W\u015br\u00f3d&nbsp;ostatnich publikacji:<em>&nbsp;&nbsp;Legacy of Polish Solidarity: Social Activism, Regime Collapse, and Building a New Society&nbsp;<\/em>(wsp\u00f3\u0142redakcja), Peter Lang, Frankfurt am Main, 2015,&nbsp;<em>PiS: The End of The Beginning<\/em>, w: Poland\u2019s Memory Wars, J. Harper (ed.), CEU Press, 2018,&nbsp;<em>Zrozumie\u0107 COVID-19<\/em>, (wsp\u00f3\u0142autorstwo), w: Academia nr 4\/64\/2020.&nbsp;<\/p>\n\n\n\n<p><strong>Organizator:<\/strong><br>Instytut Socjologii Uniwersytetu Jagiello\u0144skiego w Krakowie<br><br><strong>Wsp\u00f3\u0142organizatorzy:<\/strong><br>Interdyscyplinarne Centrum Analiz Spo\u0142eczno-Prawnych UJ<br>Sekcja Socjologii Prawa Polskiego Towarzystwa Socjologicznego\u00a0<\/p>\n\n\n\n<figure class=\"wp-block-gallery columns-1 is-cropped\"><ul class=\"blocks-gallery-grid\"><li class=\"blocks-gallery-item\"><figure><img loading=\"lazy\" width=\"724\" height=\"1024\" src=\"https:\/\/pts.org.pl\/wp-content\/uploads\/2022\/04\/Rychard_PLAKAT-724x1024.jpg\" alt=\"\" data-id=\"6051\" data-full-url=\"https:\/\/pts.org.pl\/wp-content\/uploads\/2022\/04\/Rychard_PLAKAT.jpg\" data-link=\"https:\/\/pts.org.pl\/?attachment_id=6051\" class=\"wp-image-6051\" srcset=\"https:\/\/pts.org.pl\/wp-content\/uploads\/2022\/04\/Rychard_PLAKAT-724x1024.jpg 724w, https:\/\/pts.org.pl\/wp-content\/uploads\/2022\/04\/Rychard_PLAKAT-212x300.jpg 212w, https:\/\/pts.org.pl\/wp-content\/uploads\/2022\/04\/Rychard_PLAKAT-768x1086.jpg 768w, https:\/\/pts.org.pl\/wp-content\/uploads\/2022\/04\/Rychard_PLAKAT-1086x1536.jpg 1086w, https:\/\/pts.org.pl\/wp-content\/uploads\/2022\/04\/Rychard_PLAKAT-1448x2048.jpg 1448w, https:\/\/pts.org.pl\/wp-content\/uploads\/2022\/04\/Rychard_PLAKAT.jpg 1587w\" sizes=\"(max-width: 724px) 100vw, 724px\" \/><\/figure><\/li><\/ul><\/figure>\n","protected":false},"excerpt":{"rendered":"<p>Szanowni Pa\u0144stwo, w imieniu Dyrektor Instytutu Socjologii UJ dr hab. Kai Gadowskiej, prof. UJ mamy przyjemno\u015b\u0107 serdecznie zaprosi\u0107 Pa\u0144stwa na\u00a0wyk\u0142ad Profesora Andrzeja Rycharda pt.\u00a0Instytucje w stanach nadzwyczajnych czy instytucje stan\u00f3w nadzwyczajnych?, kt\u00f3ry odb\u0119dzie si\u0119 w ramach cyklu\u00a0Spotka\u0144 Mistrzowskich Instytutu Socjologii UJ\u00a0\u2013 serii spotka\u0144 on-line z wybitnymi przedstawicielkami i przedstawicielami \u017cycia naukowego w Polsce i na [&hellip;]<\/p>\n","protected":false},"author":11,"featured_media":0,"comment_status":"open","ping_status":"open","sticky":false,"template":"","format":"standard","meta":[],"categories":[],"tags":[],"_links":{"self":[{"href":"https:\/\/pts.org.pl\/en\/wp-json\/wp\/v2\/posts\/6050"}],"collection":[{"href":"https:\/\/pts.org.pl\/en\/wp-json\/wp\/v2\/posts"}],"about":[{"href":"https:\/\/pts.org.pl\/en\/wp-json\/wp\/v2\/types\/post"}],"author":[{"embeddable":true,"href":"https:\/\/pts.org.pl\/en\/wp-json\/wp\/v2\/users\/11"}],"replies":[{"embeddable":true,"href":"https:\/\/pts.org.pl\/en\/wp-json\/wp\/v2\/comments?post=6050"}],"version-history":[{"count":2,"href":"https:\/\/pts.org.pl\/en\/wp-json\/wp\/v2\/posts\/6050\/revisions"}],"predecessor-version":[{"id":6053,"href":"https:\/\/pts.org.pl\/en\/wp-json\/wp\/v2\/posts\/6050\/revisions\/6053"}],"wp:attachment":[{"href":"https:\/\/pts.org.pl\/en\/wp-json\/wp\/v2\/media?parent=6050"}],"wp:term":[{"taxonomy":"category","embeddable":true,"href":"https:\/\/pts.org.pl\/en\/wp-json\/wp\/v2\/categories?post=6050"},{"taxonomy":"post_tag","embeddable":true,"href":"https:\/\/pts.org.pl\/en\/wp-json\/wp\/v2\/tags?post=6050"}],"curies":[{"name":"wp","href":"https:\/\/api.w.org\/{rel}","templated":true}]}}