{"id":6026,"date":"2022-04-05T11:31:44","date_gmt":"2022-04-05T11:31:44","guid":{"rendered":"https:\/\/pts.org.pl\/?p=6026"},"modified":"2022-04-05T11:35:49","modified_gmt":"2022-04-05T11:35:49","slug":"wyklad-przewodniczacego-sekcji-socjologii-sztuki-w-galerii-zderzak","status":"publish","type":"post","link":"https:\/\/pts.org.pl\/en\/wyklad-przewodniczacego-sekcji-socjologii-sztuki-w-galerii-zderzak\/","title":{"rendered":"Wyk\u0142ad Przewodnicz\u0105cego Sekcji Socjologii Sztuki w Galerii Zderzak"},"content":{"rendered":"<div class=\"fcbkbttn_buttons_block\" id=\"fcbkbttn_left\"><div class=\"fcbkbttn_button\">\n                            <a href=\"https:\/\/www.facebook.com\/\" target=\"_blank\">\n                                <img src=\"https:\/\/pts.org.pl\/wp-content\/plugins\/facebook-button-plugin\/images\/standard-facebook-ico.png\" alt=\"Fb-Button\" \/>\n                            <\/a>\n                        <\/div><div class=\"fcbkbttn_like \"><fb:like href=\"https:\/\/pts.org.pl\/en\/wyklad-przewodniczacego-sekcji-socjologii-sztuki-w-galerii-zderzak\/\" action=\"like\" colorscheme=\"light\" layout=\"button_count\"  size=\"small\"><\/fb:like><\/div><\/div>\n<p class=\"has-text-align-left\">Archiwum Galerii Zderzak uprzejmie zaprasza na spotkanie z profesorem Przemys\u0142awem Kisielem i d\u0142ugo oczekiwany wyk\u0142ad <strong>Publiczno\u015b\u0107 kulturalna<\/strong>, kt\u00f3ry odb\u0119dzie si\u0119 <strong>w sobot\u0119 9 kwietnia 2022 o godz. 13:00<\/strong><\/p>\n\n\n\n<p><\/p>\n\n\n\n<p>R.S.V.P.<\/p>\n\n\n\n<p>Prosimy o potwierdzenie obecno\u015bci telefonicznie\u00a0(12 257 56 34) lub mailowo\u00a0<a rel=\"noreferrer noopener\" href=\"mailto:zderzak@zderzak.pl\" target=\"_blank\">zderzak@zderzak.pl<\/a><\/p>\n\n\n\n<p>====================================================================<\/p>\n\n\n\n<p><em>G\u0142\u0119bokie przemiany spo\u0142ecze\u0144stwa polskiego w minionym trzydziestoleciu stawiaj\u0105 przed nami liczne pytania o to, jacy jeste\u015bmy. My, czyli wsp\u00f3\u0142czesna publiczno\u015b\u0107 kulturalna. Elity i publiczno\u015b\u0107 masowa. Tw\u00f3rcy i odbiorcy. \u201eProducenci\u201d i \u201ekonsumenci\u201d. O diagnoz\u0119 stanu rzeczy poprosili\u015bmy krakowskiego socjologa, zajmuj\u0105cego si\u0119 badaniem potrzeb i oczekiwa\u0144 spo\u0142ecznych w sferze artystycznej.<\/em><\/p>\n\n\n\n<p><em>Wyk\u0142ad prof. Przemys\u0142awa Kisiela po\u015bwi\u0119cony b\u0119dzie charakterystyce wsp\u00f3\u0142czesnej publiczno\u015bci kulturalnej. Autor postara si\u0119 opowiedzie\u0107 jaka ona jest obecnie, jak si\u0119 zmieni\u0142a na przestrzeni kilku ostatnich dekad i co jest przyczyn\u0105 tych zmian. Ale poniewa\u017c charakterystyka publiczno\u015bci kulturalnej nieod\u0142\u0105cznie wi\u0105\u017ce si\u0119 z problematyk\u0105 instytucji kultury, krakowski uczony zastanowi si\u0119 nad ich przysz\u0142o\u015bci\u0105. Czy instytucjom kultury w wieku XXI grozi kryzys i upadek? Los kt\u00f3rych instytucji mo\u017ce by\u0107 zagro\u017cony?&nbsp;<\/em><\/p>\n\n\n\n<p><em>Spotkanie ma charakter otwartego seminarium &#8211; zach\u0119camy do dzielenia si\u0119 w\u0142asnymi obserwacjami i refleksjami oraz do tw\u00f3rczej polemiki z tezami profesora.&nbsp;Zapraszamy do dyskusji!&nbsp;<\/em><\/p>\n\n\n\n<p><strong>Przemys\u0142aw Kisiel<\/strong>\u00a0\u2013\u00a0socjolog kultury i socjolog sztuki, dyrektor Instytutu Politologii, Socjologii i Filozofii oraz kierownik Katedry Socjologii Uniwersytetu Ekonomicznego w Krakowie, wsp\u00f3\u0142za\u0142o\u017cyciel i przewodnicz\u0105cy Sekcji Socjologii Sztuki Polskiego Towarzystwa Socjologicznego, cz\u0142onek prezydium Komitetu Naukoznawstwa PAN. Interesuje si\u0119 m.in.\u00a0socjologiczn\u0105 analiz\u0105 dzie\u0142 artystycznych oraz problematyk\u0105 uczestnictwa w kulturze artystycznej. Jest autorem ponad siedemdziesi\u0119ciu publikacji, w tym\u00a0dw\u00f3ch monografii: \u201eWsp\u00f3\u0142czesna kultura artystyczna. Spo\u0142eczny wymiar uczestnictwa\u201d (2003) oraz \u201eUczestnictwo w kulturze artystycznej jako forma dzia\u0142ania spo\u0142ecznego\u201d (2012).<\/p>\n\n\n\n<figure class=\"wp-block-gallery columns-0 is-cropped\"><ul class=\"blocks-gallery-grid\"><\/ul><\/figure>\n\n\n\n<figure class=\"wp-block-image size-full is-style-default\"><img loading=\"lazy\" width=\"271\" height=\"700\" src=\"https:\/\/pts.org.pl\/wp-content\/uploads\/2022\/04\/Klub-Carpaccia.jpg\" alt=\"\" class=\"wp-image-6027\" srcset=\"https:\/\/pts.org.pl\/wp-content\/uploads\/2022\/04\/Klub-Carpaccia.jpg 271w, https:\/\/pts.org.pl\/wp-content\/uploads\/2022\/04\/Klub-Carpaccia-116x300.jpg 116w\" sizes=\"(max-width: 271px) 100vw, 271px\" \/><\/figure>\n","protected":false},"excerpt":{"rendered":"<p>Archiwum Galerii Zderzak uprzejmie zaprasza na spotkanie z profesorem Przemys\u0142awem Kisielem i d\u0142ugo oczekiwany wyk\u0142ad Publiczno\u015b\u0107 kulturalna, kt\u00f3ry odb\u0119dzie si\u0119 w sobot\u0119 9 kwietnia 2022 o godz. 13:00 R.S.V.P. Prosimy o potwierdzenie obecno\u015bci telefonicznie\u00a0(12 257 56 34) lub mailowo\u00a0zderzak@zderzak.pl ==================================================================== G\u0142\u0119bokie przemiany spo\u0142ecze\u0144stwa polskiego w minionym trzydziestoleciu stawiaj\u0105 przed nami liczne pytania o to, jacy [&hellip;]<\/p>\n","protected":false},"author":11,"featured_media":0,"comment_status":"open","ping_status":"open","sticky":false,"template":"","format":"standard","meta":[],"categories":[],"tags":[],"_links":{"self":[{"href":"https:\/\/pts.org.pl\/en\/wp-json\/wp\/v2\/posts\/6026"}],"collection":[{"href":"https:\/\/pts.org.pl\/en\/wp-json\/wp\/v2\/posts"}],"about":[{"href":"https:\/\/pts.org.pl\/en\/wp-json\/wp\/v2\/types\/post"}],"author":[{"embeddable":true,"href":"https:\/\/pts.org.pl\/en\/wp-json\/wp\/v2\/users\/11"}],"replies":[{"embeddable":true,"href":"https:\/\/pts.org.pl\/en\/wp-json\/wp\/v2\/comments?post=6026"}],"version-history":[{"count":5,"href":"https:\/\/pts.org.pl\/en\/wp-json\/wp\/v2\/posts\/6026\/revisions"}],"predecessor-version":[{"id":6033,"href":"https:\/\/pts.org.pl\/en\/wp-json\/wp\/v2\/posts\/6026\/revisions\/6033"}],"wp:attachment":[{"href":"https:\/\/pts.org.pl\/en\/wp-json\/wp\/v2\/media?parent=6026"}],"wp:term":[{"taxonomy":"category","embeddable":true,"href":"https:\/\/pts.org.pl\/en\/wp-json\/wp\/v2\/categories?post=6026"},{"taxonomy":"post_tag","embeddable":true,"href":"https:\/\/pts.org.pl\/en\/wp-json\/wp\/v2\/tags?post=6026"}],"curies":[{"name":"wp","href":"https:\/\/api.w.org\/{rel}","templated":true}]}}