{"id":6004,"date":"2022-03-17T22:26:00","date_gmt":"2022-03-17T22:26:00","guid":{"rendered":"https:\/\/pts.org.pl\/?p=6004"},"modified":"2022-03-27T22:34:18","modified_gmt":"2022-03-27T22:34:18","slug":"konferencja-online","status":"publish","type":"post","link":"https:\/\/pts.org.pl\/en\/konferencja-online\/","title":{"rendered":"Konferencja online"},"content":{"rendered":"<div class=\"fcbkbttn_buttons_block\" id=\"fcbkbttn_left\"><div class=\"fcbkbttn_button\">\n                            <a href=\"https:\/\/www.facebook.com\/\" target=\"_blank\">\n                                <img src=\"https:\/\/pts.org.pl\/wp-content\/plugins\/facebook-button-plugin\/images\/standard-facebook-ico.png\" alt=\"Fb-Button\" \/>\n                            <\/a>\n                        <\/div><div class=\"fcbkbttn_like \"><fb:like href=\"https:\/\/pts.org.pl\/en\/konferencja-online\/\" action=\"like\" colorscheme=\"light\" layout=\"button_count\"  size=\"small\"><\/fb:like><\/div><\/div>\n<p>Serdecznie zapraszamy do udzia\u0142u w konferencji naukowej po\u015bwi\u0119conej tematyce m\u0142odzie\u017cy &#8220;M\u0142odzi w \u015bwiecie globalnych ryzyk i kryzys\u00f3w spo\u0142ecznych.\u00a0Podzia\u0142y, zr\u00f3\u017cnicowania, wykluczenia&#8221;.<br><\/p>\n\n\n\n<p>Konferencja odb\u0119dzie si\u0119 9 czerwca br. w formule online.<\/p>\n\n\n\n<p>Do 15 maja przyjmowane s\u0105 zg\u0142oszenia udzia\u0142u w konferencji. Formularz zg\u0142oszenia dost\u0119pny jest tutaj:<br>https:\/\/forms.gle\/kL4hz1DUtHe3PknA8<\/p>\n\n\n\n<p>Organizatorzy: <\/p>\n\n\n\n<p>Instytut Socjologii Uniwersytetu Zielonog\u00f3rskiego<br>Pracownia Bada\u0144 nad M\u0142odzie\u017c\u0105<br>Sekcja Socjologii M\u0142odzie\u017cy i Edukacji PTS<\/p>\n\n\n\n<div class=\"wp-block-file\"><object class=\"wp-block-file__embed\" data=\"https:\/\/pts.org.pl\/wp-content\/uploads\/2022\/03\/Zaproszenie-KONFERENCJA-1.pdf\" type=\"application\/pdf\" style=\"width:100%;height:600px\" aria-label=\"Osadzone z Zaproszenie KONFERENCJA.\"><\/object><a href=\"https:\/\/pts.org.pl\/wp-content\/uploads\/2022\/03\/Zaproszenie-KONFERENCJA-1.pdf\">Zaproszenie KONFERENCJA<\/a><a href=\"https:\/\/pts.org.pl\/wp-content\/uploads\/2022\/03\/Zaproszenie-KONFERENCJA-1.pdf\" class=\"wp-block-file__button\" download>Pobierz<\/a><\/div>\n","protected":false},"excerpt":{"rendered":"<p>Serdecznie zapraszamy do udzia\u0142u w konferencji naukowej po\u015bwi\u0119conej tematyce m\u0142odzie\u017cy &#8220;M\u0142odzi w \u015bwiecie globalnych ryzyk i kryzys\u00f3w spo\u0142ecznych.\u00a0Podzia\u0142y, zr\u00f3\u017cnicowania, wykluczenia&#8221;. Konferencja odb\u0119dzie si\u0119 9 czerwca br. w formule online. Do 15 maja przyjmowane s\u0105 zg\u0142oszenia udzia\u0142u w konferencji. Formularz zg\u0142oszenia dost\u0119pny jest tutaj:https:\/\/forms.gle\/kL4hz1DUtHe3PknA8 Organizatorzy: Instytut Socjologii Uniwersytetu Zielonog\u00f3rskiegoPracownia Bada\u0144 nad M\u0142odzie\u017c\u0105Sekcja Socjologii M\u0142odzie\u017cy i Edukacji [&hellip;]<\/p>\n","protected":false},"author":11,"featured_media":0,"comment_status":"open","ping_status":"open","sticky":false,"template":"","format":"standard","meta":[],"categories":[],"tags":[],"_links":{"self":[{"href":"https:\/\/pts.org.pl\/en\/wp-json\/wp\/v2\/posts\/6004"}],"collection":[{"href":"https:\/\/pts.org.pl\/en\/wp-json\/wp\/v2\/posts"}],"about":[{"href":"https:\/\/pts.org.pl\/en\/wp-json\/wp\/v2\/types\/post"}],"author":[{"embeddable":true,"href":"https:\/\/pts.org.pl\/en\/wp-json\/wp\/v2\/users\/11"}],"replies":[{"embeddable":true,"href":"https:\/\/pts.org.pl\/en\/wp-json\/wp\/v2\/comments?post=6004"}],"version-history":[{"count":1,"href":"https:\/\/pts.org.pl\/en\/wp-json\/wp\/v2\/posts\/6004\/revisions"}],"predecessor-version":[{"id":6006,"href":"https:\/\/pts.org.pl\/en\/wp-json\/wp\/v2\/posts\/6004\/revisions\/6006"}],"wp:attachment":[{"href":"https:\/\/pts.org.pl\/en\/wp-json\/wp\/v2\/media?parent=6004"}],"wp:term":[{"taxonomy":"category","embeddable":true,"href":"https:\/\/pts.org.pl\/en\/wp-json\/wp\/v2\/categories?post=6004"},{"taxonomy":"post_tag","embeddable":true,"href":"https:\/\/pts.org.pl\/en\/wp-json\/wp\/v2\/tags?post=6004"}],"curies":[{"name":"wp","href":"https:\/\/api.w.org\/{rel}","templated":true}]}}