{"id":5968,"date":"2022-03-10T14:29:00","date_gmt":"2022-03-10T14:29:00","guid":{"rendered":"https:\/\/pts.org.pl\/?p=5968"},"modified":"2022-03-12T14:41:32","modified_gmt":"2022-03-12T14:41:32","slug":"wydarzenia-organizowane-w-ramach-tygodnia-pracy-socjalnej-14-18-marca-2022-r","status":"publish","type":"post","link":"https:\/\/pts.org.pl\/en\/wydarzenia-organizowane-w-ramach-tygodnia-pracy-socjalnej-14-18-marca-2022-r\/","title":{"rendered":"Wydarzenia organizowane w ramach Tygodnia Pracy Socjalnej (14-18 marca 2022 r.)"},"content":{"rendered":"<div class=\"fcbkbttn_buttons_block\" id=\"fcbkbttn_left\"><div class=\"fcbkbttn_button\">\n                            <a href=\"https:\/\/www.facebook.com\/\" target=\"_blank\">\n                                <img src=\"https:\/\/pts.org.pl\/wp-content\/plugins\/facebook-button-plugin\/images\/standard-facebook-ico.png\" alt=\"Fb-Button\" \/>\n                            <\/a>\n                        <\/div><div class=\"fcbkbttn_like \"><fb:like href=\"https:\/\/pts.org.pl\/en\/wydarzenia-organizowane-w-ramach-tygodnia-pracy-socjalnej-14-18-marca-2022-r\/\" action=\"like\" colorscheme=\"light\" layout=\"button_count\"  size=\"small\"><\/fb:like><\/div><\/div>\n<p>SKN Pracy Socjalnej i Socjologii &#8220;Social Force&#8221; oraz Oddzia\u0142 \u0141\u00f3dzki PTS (wsp\u00f3\u0142organizator) zapraszaj\u0105 na wydarzenia organizowane w ramach&nbsp;<strong>Tygodnia Pracy Socjalnej (14-18 marca 2022 r.)&nbsp;<\/strong>na Wydziale Ekonomiczno-Socjologicznym U\u0141.<\/p>\n\n\n\n<p>Wydarzenia po\u015bwi\u0119cone b\u0119d\u0105 przede wszystkim problemom uchod\u017astwa oraz migracji.<\/p>\n\n\n\n<p>Spotkania b\u0119d\u0105 odbywa\u0142y si\u0119 w formie hybrydowej. Je\u015bli kto\u015b z Pa\u0144stwa chcia\u0142by uczestniczy\u0107 w nich stacjonarnie, prosz\u0119 o zg\u0142oszenie si\u0119 przez formularz rejestracji (link do formularza zawarty jest w pliku z pe\u0142nym programem, przy poszczeg\u00f3lnych wydarzeniach).<\/p>\n\n\n\n<p>Wi\u0119kszo\u015b\u0107 wydarze\u0144 b\u0119dzie transmitowana na Facebooku SKN &#8220;Social Force&#8221; (<a href=\"https:\/\/www.facebook.com\/SKN-Pracy-Socjalnej-i-Socjologii-Social-Force-1568914153406559\/?__cft__%5b0%5d=AZXOGhY4Nbzl5NActSnIEurkJbIQn1Wr087-mbK3VFyvYf51ZB5dcVM5tRjTVo7HyNznmulFy7g4XYSgiORKHWMqQxkufgygH-JNziILWcALkehHGmD0H2bkO0FPsMyqFKAm66udAqeqPg2279Fj4AsE4CupgzRb_FqDE-rcpVmG0LBVNoILbyh10VxDutHCXwDZe9rcMFyGoIlBW7t4Dhp4PWNijKxcD3iHuXlvoUWadA&amp;__tn__=R%5d-R\" target=\"_blank\" rel=\"noreferrer noopener\">https:\/\/www.facebook.com\/SKN-Pracy-Socjalnej-i-Socjologii-Social-Force-1568914153406559\/<\/a>) i udost\u0119pniana tak\u017ce na Facebooku Oddzia\u0142u \u0141\u00f3dzkiego PTS (<a href=\"https:\/\/www.facebook.com\/oddziallodzkipts\" target=\"_blank\" rel=\"noreferrer noopener\">https:\/\/www.facebook.com\/oddziallodzkipts<\/a>)<\/p>\n\n\n\n<p>Poni\u017cej przedstawiamy skr\u00f3cony program tegorocznego Tygodnia Pracy Socjalnej (pe\u0142ny program oraz plakaty wydarzenia znajduj\u0105 si\u0119 w za\u0142\u0105czeniu).<\/p>\n\n\n\n<figure class=\"wp-block-table\"><table><tbody><tr><td><strong>Poniedzia\u0142ek 14.03, 16.00-18.00, sala C 101\u00a0<\/strong><br>Uchod\u017astwo \u2013 aspekty prawne i kryminalizacja pomocy\u00a0<br>Wyk\u0142ady:\u00a0<br>&#8211; ,,Uchod\u017acy w Polsce \u2013 prawo i praktyka jego stosowania\u201d \u2013 dr hab. Witold Klaus \u00a0(profesor w Instytucie Nauk Prawnych Polskiej Akademii Nauk, Stowarzyszenie Interwencji Prawnej).\u00a0<br>&#8211; ,,Pomaganie jest legalne \u2013 o kryminalizacji pomocy niesionej przez aktywist\u00f3w i aktywistki\u201d Anna B\u0142aszczak-Banasiak (dyrektor Amnesty International Polska)<br><br><strong>Wtorek 15.03, 17.00-19.30, online\u00a0<\/strong><br>Debata: ,,Sieci wsparcia w Polsce i za granic\u0105 oraz do\u015bwiadczenie os\u00f3b uchod\u017aczych; indywidualne i instytucjonalne formy pomagania\u201d\u00a0<br>Prelegentki:\u00a0<br>1. Oktawia Braniewicz (Akademia Humanistyczno-Ekonomiczna w \u0141odzi, Centrum Studi\u00f3w Migracyjnych U\u0141)\u00a0<br>2. Natalia Gebert (fundacja Dom Otwarty) \u00a0<br>3. Inga Hajdarowicz (Uniwersytet Jagiello\u0144ski)\u00a0<br>4. Marina Hulia (inicjatywa Dzieci z Dworca Brze\u015b\u0107) \u00a0<br>5. Madina Mazalieva (Czeczenka, uchod\u017aczyni)\u00a0<br>6. Prof. Izabela Wagner (Collegium Civitas, Institut Convergence Migration-Paris)\u00a0<br><br><strong>\u015aroda 16.03, 16.00-19:00, sala C 101\u00a0<\/strong><br>Projekcja filmu ,,Bliscy\u201d w re\u017cyserii Witalija Manskiego + dyskusja: \u201dJak m\u0105drze pomaga\u0107 Ukrainie\u201d\u00a0<br>Rozm\u00f3wczyni: Sasha Yeromina (\u0141\u00f3dzkie Centrum Wielokulturowe)\u00a0<br><br><strong>Pi\u0105tek 18.03 14.00-19.00, sale E-115, E-205 i E-216\u00a0<\/strong><br>\u017bywa Biblioteka\u00a0<br>12.30-19.00, pierwsze pi\u0119tro budynku E \u00a0<br>Kuchnia Spo\u0142eczna\u00a0<br><br>Wyk\u0142ady, debata oraz dyskusja po filmie b\u0119d\u0105 transmitowane na naszej stronie na Facebooku:\u00a0<a rel=\"noreferrer noopener\" href=\"https:\/\/www.facebook.com\/SKN-Pracy-Socjalnej-i-Socjologii-Social-Force-1568914153406559\" target=\"_blank\">https:\/\/www.facebook.com\/SKN-Pracy-Socjalnej-i-Socjologii-Social-Force-1568914153406559<\/a>.\u00a0<br><br>Wszelkie pytania mo\u017cna kierowa\u0107 na adres:\u00a0<a rel=\"noreferrer noopener\" href=\"https:\/\/poczta.wp.pl\/w\/\" target=\"_blank\">skndsocialforce@eksoc.edu.uni.lodz.pl<\/a>.\u00a0<\/td><\/tr><\/tbody><\/table><\/figure>\n\n\n\n<p>Pozdrawiamy i zapraszamy!<\/p>\n\n\n\n<p>Cz\u0142onkowie_inie SKN Social Force<\/p>\n\n\n\n<p>oraz Zarz\u0105d Oddzia\u0142u \u0141\u00f3dzkiego PTS<\/p>\n\n\n\n<div class=\"wp-block-file\"><a href=\"https:\/\/pts.org.pl\/wp-content\/uploads\/2022\/03\/Program-TPS.docx\">Program-TPS<\/a><a href=\"https:\/\/pts.org.pl\/wp-content\/uploads\/2022\/03\/Program-TPS.docx\" class=\"wp-block-file__button\" download>Pobierz<\/a><\/div>\n\n\n\n<figure class=\"wp-block-gallery columns-1 is-cropped\"><ul class=\"blocks-gallery-grid\"><li class=\"blocks-gallery-item\"><figure><img loading=\"lazy\" width=\"724\" height=\"1024\" src=\"https:\/\/pts.org.pl\/wp-content\/uploads\/2022\/03\/TPS-plan-1-724x1024.jpg\" alt=\"\" data-id=\"5970\" data-full-url=\"https:\/\/pts.org.pl\/wp-content\/uploads\/2022\/03\/TPS-plan-1-scaled.jpg\" data-link=\"https:\/\/pts.org.pl\/?attachment_id=5970\" class=\"wp-image-5970\" srcset=\"https:\/\/pts.org.pl\/wp-content\/uploads\/2022\/03\/TPS-plan-1-724x1024.jpg 724w, https:\/\/pts.org.pl\/wp-content\/uploads\/2022\/03\/TPS-plan-1-212x300.jpg 212w, https:\/\/pts.org.pl\/wp-content\/uploads\/2022\/03\/TPS-plan-1-768x1086.jpg 768w, https:\/\/pts.org.pl\/wp-content\/uploads\/2022\/03\/TPS-plan-1-1086x1536.jpg 1086w, https:\/\/pts.org.pl\/wp-content\/uploads\/2022\/03\/TPS-plan-1-1448x2048.jpg 1448w, https:\/\/pts.org.pl\/wp-content\/uploads\/2022\/03\/TPS-plan-1-scaled.jpg 1810w\" sizes=\"(max-width: 724px) 100vw, 724px\" \/><\/figure><\/li><\/ul><\/figure>\n\n\n\n<figure class=\"wp-block-gallery columns-1 is-cropped\"><ul class=\"blocks-gallery-grid\"><li class=\"blocks-gallery-item\"><figure><img loading=\"lazy\" width=\"724\" height=\"1024\" src=\"https:\/\/pts.org.pl\/wp-content\/uploads\/2022\/03\/TPS-grafika-1-724x1024.jpg\" alt=\"\" data-id=\"5971\" data-full-url=\"https:\/\/pts.org.pl\/wp-content\/uploads\/2022\/03\/TPS-grafika-1-scaled.jpg\" data-link=\"https:\/\/pts.org.pl\/?attachment_id=5971\" class=\"wp-image-5971\" srcset=\"https:\/\/pts.org.pl\/wp-content\/uploads\/2022\/03\/TPS-grafika-1-724x1024.jpg 724w, https:\/\/pts.org.pl\/wp-content\/uploads\/2022\/03\/TPS-grafika-1-212x300.jpg 212w, https:\/\/pts.org.pl\/wp-content\/uploads\/2022\/03\/TPS-grafika-1-768x1086.jpg 768w, https:\/\/pts.org.pl\/wp-content\/uploads\/2022\/03\/TPS-grafika-1-1086x1536.jpg 1086w, https:\/\/pts.org.pl\/wp-content\/uploads\/2022\/03\/TPS-grafika-1-1448x2048.jpg 1448w, https:\/\/pts.org.pl\/wp-content\/uploads\/2022\/03\/TPS-grafika-1-scaled.jpg 1810w\" sizes=\"(max-width: 724px) 100vw, 724px\" \/><\/figure><\/li><\/ul><\/figure>\n","protected":false},"excerpt":{"rendered":"<p>SKN Pracy Socjalnej i Socjologii &#8220;Social Force&#8221; oraz Oddzia\u0142 \u0141\u00f3dzki PTS (wsp\u00f3\u0142organizator) zapraszaj\u0105 na wydarzenia organizowane w ramach&nbsp;Tygodnia Pracy Socjalnej (14-18 marca 2022 r.)&nbsp;na Wydziale Ekonomiczno-Socjologicznym U\u0141. Wydarzenia po\u015bwi\u0119cone b\u0119d\u0105 przede wszystkim problemom uchod\u017astwa oraz migracji. Spotkania b\u0119d\u0105 odbywa\u0142y si\u0119 w formie hybrydowej. Je\u015bli kto\u015b z Pa\u0144stwa chcia\u0142by uczestniczy\u0107 w nich stacjonarnie, prosz\u0119 o zg\u0142oszenie [&hellip;]<\/p>\n","protected":false},"author":11,"featured_media":0,"comment_status":"open","ping_status":"open","sticky":false,"template":"","format":"standard","meta":[],"categories":[],"tags":[],"_links":{"self":[{"href":"https:\/\/pts.org.pl\/en\/wp-json\/wp\/v2\/posts\/5968"}],"collection":[{"href":"https:\/\/pts.org.pl\/en\/wp-json\/wp\/v2\/posts"}],"about":[{"href":"https:\/\/pts.org.pl\/en\/wp-json\/wp\/v2\/types\/post"}],"author":[{"embeddable":true,"href":"https:\/\/pts.org.pl\/en\/wp-json\/wp\/v2\/users\/11"}],"replies":[{"embeddable":true,"href":"https:\/\/pts.org.pl\/en\/wp-json\/wp\/v2\/comments?post=5968"}],"version-history":[{"count":3,"href":"https:\/\/pts.org.pl\/en\/wp-json\/wp\/v2\/posts\/5968\/revisions"}],"predecessor-version":[{"id":5975,"href":"https:\/\/pts.org.pl\/en\/wp-json\/wp\/v2\/posts\/5968\/revisions\/5975"}],"wp:attachment":[{"href":"https:\/\/pts.org.pl\/en\/wp-json\/wp\/v2\/media?parent=5968"}],"wp:term":[{"taxonomy":"category","embeddable":true,"href":"https:\/\/pts.org.pl\/en\/wp-json\/wp\/v2\/categories?post=5968"},{"taxonomy":"post_tag","embeddable":true,"href":"https:\/\/pts.org.pl\/en\/wp-json\/wp\/v2\/tags?post=5968"}],"curies":[{"name":"wp","href":"https:\/\/api.w.org\/{rel}","templated":true}]}}