{"id":5966,"date":"2022-03-12T14:21:13","date_gmt":"2022-03-12T14:21:13","guid":{"rendered":"https:\/\/pts.org.pl\/?p=5966"},"modified":"2022-03-12T14:21:16","modified_gmt":"2022-03-12T14:21:16","slug":"konferencja-spolecznosci-wiejskie-w-procesie-modernizacji-uwarunkowania-regionalne-i-systemowe","status":"publish","type":"post","link":"https:\/\/pts.org.pl\/en\/konferencja-spolecznosci-wiejskie-w-procesie-modernizacji-uwarunkowania-regionalne-i-systemowe\/","title":{"rendered":"Konferencja &#8220;Spo\u0142eczno\u015bci wiejskie w procesie modernizacji. Uwarunkowania regionalne i systemowe&#8221;"},"content":{"rendered":"<div class=\"fcbkbttn_buttons_block\" id=\"fcbkbttn_left\"><div class=\"fcbkbttn_button\">\n                            <a href=\"https:\/\/www.facebook.com\/\" target=\"_blank\">\n                                <img src=\"https:\/\/pts.org.pl\/wp-content\/plugins\/facebook-button-plugin\/images\/standard-facebook-ico.png\" alt=\"Fb-Button\" \/>\n                            <\/a>\n                        <\/div><div class=\"fcbkbttn_like \"><fb:like href=\"https:\/\/pts.org.pl\/en\/konferencja-spolecznosci-wiejskie-w-procesie-modernizacji-uwarunkowania-regionalne-i-systemowe\/\" action=\"like\" colorscheme=\"light\" layout=\"button_count\"  size=\"small\"><\/fb:like><\/div><\/div>\n<p>Sekcja Socjologii Wsi oraz Oddzia\u0142 Szczeci\u0144ski Polskiego Towarzystwa Socjologicznego wraz z&nbsp;Instytutem Socjologii Uniwersytetu Szczeci\u0144skiego zapraszaj\u0105 do wzi\u0119cia udzia\u0142u w Og\u00f3lnopolskiej Konferencji Naukowejpt.:<em>&nbsp;Spo\u0142eczno\u015bci wiejskie w procesie modernizacji. Uwarunkowania regionalne i&nbsp;systemowe.&nbsp;<\/em><\/p>\n\n\n\n<p>Konferencja odb\u0119dzie si\u0119 21-22 czerwca 2022 roku w Kulicach k. Nowogardu w&nbsp;dawnej siedzibie rodziny von Bismarck. Organizatorzy zapewniaj\u0105 transfer ze Szczecina do miejsca konferencji. &nbsp;<\/p>\n\n\n\n<p>Podczas konferencji pragniemy podj\u0105\u0107 dyskusj\u0119 dotycz\u0105c\u0105 zr\u00f3\u017cnicowa\u0144 regionalnych oraz&nbsp;uwarunkowa\u0144 systemowych dotycz\u0105cych:&nbsp;<\/p>\n\n\n\n<ul><li>proces\u00f3w depopulacji i urbanizacji, &nbsp;<\/li><li>przekszta\u0142ce\u0144 w\u0142asno\u015bciowych i agrarnych w&nbsp;rolnictwie, &nbsp;<\/li><li>przemian struktur spo\u0142ecznych na wsi, &nbsp;<\/li><li>konsekwencji likwidacji PGR-\u00f3w, &nbsp;<\/li><li>przemian kulturowych na obszarach wiejskich, &nbsp;<\/li><li>rozwoju spo\u0142ecze\u0144stwa obywatelskiego na obszarach wiejskich, &nbsp;<\/li><li>wytwarzanie produkt\u00f3w lokalnych, tradycyjnych i regionalnych,&nbsp;<\/li><li>udzia\u0142u wsi w programach unijnych,&nbsp;<\/li><li>efekt\u00f3w funkcjonowania lokalnych grup dzia\u0142ania oraz lokalnych grup rybackich,&nbsp;<\/li><li>zr\u00f3\u017cnicowania regionalnego w rozwoju wsi.&nbsp;<\/li><\/ul>\n\n\n\n<p>Konferencja adresowana jest g\u0142\u00f3wnie do socjolog\u00f3w, ale ch\u0119tnie go\u015bci\u0107 b\u0119dziemy tak\u017ce geograf\u00f3w, ekonomist\u00f3w, historyk\u00f3w i politolog\u00f3w. Do lepszego poznania obszar\u00f3w wiejskich konieczne jest bowiem podej\u015bcie interdyscyplinarne.&nbsp;<\/p>\n\n\n\n<p>Pe\u0142ne informacje o konferencji znajduj\u0105 si\u0119 pod linkiem:&nbsp;<\/p>\n\n\n\n<figure class=\"wp-block-embed is-type-wp-embed is-provider-instytut-socjologii-uniwersytet-szczecinski wp-block-embed-instytut-socjologii-uniwersytet-szczecinski\"><div class=\"wp-block-embed__wrapper\">\n<blockquote class=\"wp-embedded-content\" data-secret=\"Da9BlShHNv\"><a href=\"https:\/\/soc.usz.edu.pl\/ogolnopolska-konferencja-naukowa-pt-spolecznosci-wiejskie-w-procesie-modernizacji-uwarunkowania-regionalne-i-systemowe\/\">Og\u00f3lnopolska Konferencja Naukowa pt.: Spo\u0142eczno\u015bci wiejskie w procesie modernizacji. Uwarunkowania regionalne i systemowe<\/a><\/blockquote><iframe class=\"wp-embedded-content\" sandbox=\"allow-scripts\" security=\"restricted\" style=\"position: absolute; clip: rect(1px, 1px, 1px, 1px);\" title=\"&#8222;Og\u00f3lnopolska Konferencja Naukowa pt.: Spo\u0142eczno\u015bci wiejskie w procesie modernizacji. Uwarunkowania regionalne i systemowe&#8221; &#8212; Instytut Socjologii - Uniwersytet Szczeci\u0144ski\" src=\"https:\/\/soc.usz.edu.pl\/ogolnopolska-konferencja-naukowa-pt-spolecznosci-wiejskie-w-procesie-modernizacji-uwarunkowania-regionalne-i-systemowe\/embed\/#?secret=Da9BlShHNv\" data-secret=\"Da9BlShHNv\" width=\"500\" height=\"282\" frameborder=\"0\" marginwidth=\"0\" marginheight=\"0\" scrolling=\"no\"><\/iframe>\n<\/div><\/figure>\n\n\n\n<p>Pytania prosz\u0119 kierowa\u0107 do kolegi W\u0142odzimierz Durki, przewodnicz\u0105cego Komitetu Organizacyjnego, na adres e-mailowy:&nbsp;<\/p>\n\n\n\n<p><a href=\"mailto:wlodzimierz.durka@usz.edu.pl\" target=\"_blank\" rel=\"noreferrer noopener\">wlodzimierz.durka@usz.edu.pl<\/a>&nbsp;<\/p>\n\n\n\n<p>Zg\u0142oszenia referat\u00f3w prosimy przes\u0142a\u0107 do 15 kwietnia 2022 roku. Przewidujemy publikacj\u0119 materia\u0142\u00f3w pokonferencyjnych w numerze specjalnym \u201ePrzegl\u0105du Zachodniopomorskiego\u201d, periodyku Uniwersytetu Szczeci\u0144skiego (70 pkt).<\/p>\n","protected":false},"excerpt":{"rendered":"<p>Sekcja Socjologii Wsi oraz Oddzia\u0142 Szczeci\u0144ski Polskiego Towarzystwa Socjologicznego wraz z&nbsp;Instytutem Socjologii Uniwersytetu Szczeci\u0144skiego zapraszaj\u0105 do wzi\u0119cia udzia\u0142u w Og\u00f3lnopolskiej Konferencji Naukowejpt.:&nbsp;Spo\u0142eczno\u015bci wiejskie w procesie modernizacji. Uwarunkowania regionalne i&nbsp;systemowe.&nbsp; Konferencja odb\u0119dzie si\u0119 21-22 czerwca 2022 roku w Kulicach k. Nowogardu w&nbsp;dawnej siedzibie rodziny von Bismarck. Organizatorzy zapewniaj\u0105 transfer ze Szczecina do miejsca konferencji. &nbsp; Podczas [&hellip;]<\/p>\n","protected":false},"author":11,"featured_media":0,"comment_status":"open","ping_status":"open","sticky":false,"template":"","format":"standard","meta":[],"categories":[],"tags":[],"_links":{"self":[{"href":"https:\/\/pts.org.pl\/en\/wp-json\/wp\/v2\/posts\/5966"}],"collection":[{"href":"https:\/\/pts.org.pl\/en\/wp-json\/wp\/v2\/posts"}],"about":[{"href":"https:\/\/pts.org.pl\/en\/wp-json\/wp\/v2\/types\/post"}],"author":[{"embeddable":true,"href":"https:\/\/pts.org.pl\/en\/wp-json\/wp\/v2\/users\/11"}],"replies":[{"embeddable":true,"href":"https:\/\/pts.org.pl\/en\/wp-json\/wp\/v2\/comments?post=5966"}],"version-history":[{"count":1,"href":"https:\/\/pts.org.pl\/en\/wp-json\/wp\/v2\/posts\/5966\/revisions"}],"predecessor-version":[{"id":5967,"href":"https:\/\/pts.org.pl\/en\/wp-json\/wp\/v2\/posts\/5966\/revisions\/5967"}],"wp:attachment":[{"href":"https:\/\/pts.org.pl\/en\/wp-json\/wp\/v2\/media?parent=5966"}],"wp:term":[{"taxonomy":"category","embeddable":true,"href":"https:\/\/pts.org.pl\/en\/wp-json\/wp\/v2\/categories?post=5966"},{"taxonomy":"post_tag","embeddable":true,"href":"https:\/\/pts.org.pl\/en\/wp-json\/wp\/v2\/tags?post=5966"}],"curies":[{"name":"wp","href":"https:\/\/api.w.org\/{rel}","templated":true}]}}