{"id":5964,"date":"2022-03-01T13:42:00","date_gmt":"2022-03-01T13:42:00","guid":{"rendered":"https:\/\/pts.org.pl\/?p=5964"},"modified":"2022-03-12T13:44:18","modified_gmt":"2022-03-12T13:44:18","slug":"zaproszenie-na-seminarium-sekcji-socjologii-migracji","status":"publish","type":"post","link":"https:\/\/pts.org.pl\/en\/zaproszenie-na-seminarium-sekcji-socjologii-migracji\/","title":{"rendered":"Zaproszenie na seminarium Sekcji Socjologii Migracji"},"content":{"rendered":"<div class=\"fcbkbttn_buttons_block\" id=\"fcbkbttn_left\"><div class=\"fcbkbttn_button\">\n                            <a href=\"https:\/\/www.facebook.com\/\" target=\"_blank\">\n                                <img src=\"https:\/\/pts.org.pl\/wp-content\/plugins\/facebook-button-plugin\/images\/standard-facebook-ico.png\" alt=\"Fb-Button\" \/>\n                            <\/a>\n                        <\/div><div class=\"fcbkbttn_like \"><fb:like href=\"https:\/\/pts.org.pl\/en\/zaproszenie-na-seminarium-sekcji-socjologii-migracji\/\" action=\"like\" colorscheme=\"light\" layout=\"button_count\"  size=\"small\"><\/fb:like><\/div><\/div>\n<p>Serdecznie zapraszamy na kolejne seminarium Sekcji Socjologii Migracji PTS z serii \u201eMonografie Migracyjne\u201d. B\u0119dzie po\u015bwi\u0119cone ksi\u0105\u017cce pt. &#8220;Polskie organizacje imigranckie w Europie. W poszukiwaniu nowego modelu&#8221; (2021).<\/p>\n\n\n\n<p>Na seminarium b\u0119dziemy go\u015bci\u0107 Autor\u00f3w ksi\u0105\u017cki, dr hab. prof. UW Micha\u0142a Nowosielskiego (OBM UW) i dr hab. prof. UP Mariusza Dzi\u0119glewskiego (UP w Krakowie).<\/p>\n\n\n\n<p>Komentarz do ksi\u0105\u017cki wyg\u0142osi dr hab. prof. IFiS Galia Chimiak (IFiS PAN). Prowadzenie spotkania: dr hab. prof. IFiS Katarzyna Andrejuk (IFiS PAN).<\/p>\n\n\n\n<p>Spotkanie odb\u0119dzie si\u0119 w pi\u0105tek, 4 marca 2022 r. o godzinie 14.00 na platformie Zoom.<\/p>\n\n\n\n<p>Link do spotkania: <a href=\"https:\/\/l.facebook.com\/l.php?u=https%3A%2F%2Fus02web.zoom.us%2Fj%2F83833634033%3Fpwd%3DOE5zL3J6eUhmcU5ZVk92VkU5UmFZUT09&amp;h=AT2QF640aX4QMVk4VgbsSfWHDHakdizWNSr7hFKbhqUxo1uuD-tOmUv5_O0HnuhDT59H-7Cn5BKALTPvADl8mw-kU27NcZC5ZNTmtPj-raMqBGlr-uZNGwOwmapF_htxpzd-VNyexTDTjW7C893C&amp;__tn__=-UK-R&amp;c%5b0%5d=AT14RiYdIb-Fyk79TJaipaMgWuxH-IbbuFJbVmA9iXiZK0x3IxL1FYpHj3BKWsks0IbhbT0nW4esL328kjSobEqIccnQTKXkFlctHA8__DFCQyRT7VDjcfmTl7_F9E9SXixTusDq3BLWUUiOBBEvS9DG7dB7fjsxW6-FptF4THwoElIML51ZWgzyBi-3u6QaNxLuSA\" target=\"_blank\" rel=\"noreferrer noopener\">https:\/\/us02web.zoom.us\/j\/83833634033&#8230;<\/a><\/p>\n","protected":false},"excerpt":{"rendered":"<p>Serdecznie zapraszamy na kolejne seminarium Sekcji Socjologii Migracji PTS z serii \u201eMonografie Migracyjne\u201d. B\u0119dzie po\u015bwi\u0119cone ksi\u0105\u017cce pt. &#8220;Polskie organizacje imigranckie w Europie. W poszukiwaniu nowego modelu&#8221; (2021). Na seminarium b\u0119dziemy go\u015bci\u0107 Autor\u00f3w ksi\u0105\u017cki, dr hab. prof. UW Micha\u0142a Nowosielskiego (OBM UW) i dr hab. prof. UP Mariusza Dzi\u0119glewskiego (UP w Krakowie). Komentarz do ksi\u0105\u017cki wyg\u0142osi [&hellip;]<\/p>\n","protected":false},"author":11,"featured_media":0,"comment_status":"open","ping_status":"open","sticky":false,"template":"","format":"standard","meta":[],"categories":[],"tags":[],"_links":{"self":[{"href":"https:\/\/pts.org.pl\/en\/wp-json\/wp\/v2\/posts\/5964"}],"collection":[{"href":"https:\/\/pts.org.pl\/en\/wp-json\/wp\/v2\/posts"}],"about":[{"href":"https:\/\/pts.org.pl\/en\/wp-json\/wp\/v2\/types\/post"}],"author":[{"embeddable":true,"href":"https:\/\/pts.org.pl\/en\/wp-json\/wp\/v2\/users\/11"}],"replies":[{"embeddable":true,"href":"https:\/\/pts.org.pl\/en\/wp-json\/wp\/v2\/comments?post=5964"}],"version-history":[{"count":1,"href":"https:\/\/pts.org.pl\/en\/wp-json\/wp\/v2\/posts\/5964\/revisions"}],"predecessor-version":[{"id":5965,"href":"https:\/\/pts.org.pl\/en\/wp-json\/wp\/v2\/posts\/5964\/revisions\/5965"}],"wp:attachment":[{"href":"https:\/\/pts.org.pl\/en\/wp-json\/wp\/v2\/media?parent=5964"}],"wp:term":[{"taxonomy":"category","embeddable":true,"href":"https:\/\/pts.org.pl\/en\/wp-json\/wp\/v2\/categories?post=5964"},{"taxonomy":"post_tag","embeddable":true,"href":"https:\/\/pts.org.pl\/en\/wp-json\/wp\/v2\/tags?post=5964"}],"curies":[{"name":"wp","href":"https:\/\/api.w.org\/{rel}","templated":true}]}}