{"id":5960,"date":"2022-02-22T13:35:00","date_gmt":"2022-02-22T13:35:00","guid":{"rendered":"https:\/\/pts.org.pl\/?p=5960"},"modified":"2022-03-12T13:37:26","modified_gmt":"2022-03-12T13:37:26","slug":"nabor-propozycji-rozdzialow-do-polskiego-podrecznika-socjologii-plci","status":"publish","type":"post","link":"https:\/\/pts.org.pl\/en\/nabor-propozycji-rozdzialow-do-polskiego-podrecznika-socjologii-plci\/","title":{"rendered":"Nab\u00f3r propozycji rozdzia\u0142\u00f3w do polskiego podr\u0119cznika socjologii p\u0142ci"},"content":{"rendered":"<div class=\"fcbkbttn_buttons_block\" id=\"fcbkbttn_left\"><div class=\"fcbkbttn_button\">\n                            <a href=\"https:\/\/www.facebook.com\/\" target=\"_blank\">\n                                <img src=\"https:\/\/pts.org.pl\/wp-content\/plugins\/facebook-button-plugin\/images\/standard-facebook-ico.png\" alt=\"Fb-Button\" \/>\n                            <\/a>\n                        <\/div><div class=\"fcbkbttn_like \"><fb:like href=\"https:\/\/pts.org.pl\/en\/nabor-propozycji-rozdzialow-do-polskiego-podrecznika-socjologii-plci\/\" action=\"like\" colorscheme=\"light\" layout=\"button_count\"  size=\"small\"><\/fb:like><\/div><\/div>\n<p>Z przyjemno\u015bci\u0105 informujemy, \u017ce Zarz\u0105d Sekcji Socjologii P\u0142ci PTS otwiera&nbsp;<strong>nab\u00f3r na zg\u0142oszenia propozycji rozdzia\u0142\u00f3w problemowych do pierwszego polskiego podr\u0119cznika z zakresu socjologii p\u0142ci<\/strong>.<\/p>\n\n\n\n<p>Do udzia\u0142u w zg\u0142oszeniach serdecznie zapraszamy socjolo\u017cki i socjolog\u00f3w, oraz zespo\u0142y autorskie.<\/p>\n\n\n\n<p>Pe\u0142na tre\u015b\u0107 og\u0142oszenia tutaj:<\/p>\n\n\n\n<p><a href=\"https:\/\/drive.google.com\/file\/d\/1PynEfB5OvyQQuo0edKGvHygEQH7hseXZ\/view\">https:\/\/drive.google.com\/file\/d\/1PynEfB5OvyQQuo0edKGvHygEQH7hseXZ\/view<\/a><\/p>\n\n\n\n<p>Formularz zg\u0142oszeniowy tutaj:<\/p>\n\n\n\n<p><a href=\"https:\/\/docs.google.com\/document\/d\/1cNZVT8avHCGMHqiwlcLfmhCam7nSxVIE\/edit\">https:\/\/docs.google.com\/document\/d\/1cNZVT8avHCGMHqiwlcLfmhCam7nSxVIE\/edit<\/a><\/p>\n\n\n\n<p><\/p>\n","protected":false},"excerpt":{"rendered":"<p>Z przyjemno\u015bci\u0105 informujemy, \u017ce Zarz\u0105d Sekcji Socjologii P\u0142ci PTS otwiera&nbsp;nab\u00f3r na zg\u0142oszenia propozycji rozdzia\u0142\u00f3w problemowych do pierwszego polskiego podr\u0119cznika z zakresu socjologii p\u0142ci. Do udzia\u0142u w zg\u0142oszeniach serdecznie zapraszamy socjolo\u017cki i socjolog\u00f3w, oraz zespo\u0142y autorskie. Pe\u0142na tre\u015b\u0107 og\u0142oszenia tutaj: https:\/\/drive.google.com\/file\/d\/1PynEfB5OvyQQuo0edKGvHygEQH7hseXZ\/view Formularz zg\u0142oszeniowy tutaj: https:\/\/docs.google.com\/document\/d\/1cNZVT8avHCGMHqiwlcLfmhCam7nSxVIE\/edit<\/p>\n","protected":false},"author":11,"featured_media":0,"comment_status":"open","ping_status":"open","sticky":false,"template":"","format":"standard","meta":[],"categories":[],"tags":[],"_links":{"self":[{"href":"https:\/\/pts.org.pl\/en\/wp-json\/wp\/v2\/posts\/5960"}],"collection":[{"href":"https:\/\/pts.org.pl\/en\/wp-json\/wp\/v2\/posts"}],"about":[{"href":"https:\/\/pts.org.pl\/en\/wp-json\/wp\/v2\/types\/post"}],"author":[{"embeddable":true,"href":"https:\/\/pts.org.pl\/en\/wp-json\/wp\/v2\/users\/11"}],"replies":[{"embeddable":true,"href":"https:\/\/pts.org.pl\/en\/wp-json\/wp\/v2\/comments?post=5960"}],"version-history":[{"count":1,"href":"https:\/\/pts.org.pl\/en\/wp-json\/wp\/v2\/posts\/5960\/revisions"}],"predecessor-version":[{"id":5961,"href":"https:\/\/pts.org.pl\/en\/wp-json\/wp\/v2\/posts\/5960\/revisions\/5961"}],"wp:attachment":[{"href":"https:\/\/pts.org.pl\/en\/wp-json\/wp\/v2\/media?parent=5960"}],"wp:term":[{"taxonomy":"category","embeddable":true,"href":"https:\/\/pts.org.pl\/en\/wp-json\/wp\/v2\/categories?post=5960"},{"taxonomy":"post_tag","embeddable":true,"href":"https:\/\/pts.org.pl\/en\/wp-json\/wp\/v2\/tags?post=5960"}],"curies":[{"name":"wp","href":"https:\/\/api.w.org\/{rel}","templated":true}]}}