{"id":5936,"date":"2022-03-07T12:51:56","date_gmt":"2022-03-07T12:51:56","guid":{"rendered":"https:\/\/pts.org.pl\/?p=5936"},"modified":"2022-03-07T12:51:58","modified_gmt":"2022-03-07T12:51:58","slug":"wyklad-profesora-henryka-domanskiego-pt-symboliczne-i-obiektywne-dystanse-klasowe-polska-2019-2021","status":"publish","type":"post","link":"https:\/\/pts.org.pl\/en\/wyklad-profesora-henryka-domanskiego-pt-symboliczne-i-obiektywne-dystanse-klasowe-polska-2019-2021\/","title":{"rendered":"Wyk\u0142ad Profesora Henryka Doma\u0144skiego pt.\u00a0Symboliczne i &#8220;obiektywne&#8221; dystanse klasowe. Polska: 2019 &#8211; 2021"},"content":{"rendered":"<div class=\"fcbkbttn_buttons_block\" id=\"fcbkbttn_left\"><div class=\"fcbkbttn_button\">\n                            <a href=\"https:\/\/www.facebook.com\/\" target=\"_blank\">\n                                <img src=\"https:\/\/pts.org.pl\/wp-content\/plugins\/facebook-button-plugin\/images\/standard-facebook-ico.png\" alt=\"Fb-Button\" \/>\n                            <\/a>\n                        <\/div><div class=\"fcbkbttn_like \"><fb:like href=\"https:\/\/pts.org.pl\/en\/wyklad-profesora-henryka-domanskiego-pt-symboliczne-i-obiektywne-dystanse-klasowe-polska-2019-2021\/\" action=\"like\" colorscheme=\"light\" layout=\"button_count\"  size=\"small\"><\/fb:like><\/div><\/div>\n<p>Szanowni Pa\u0144stwo,<\/p>\n\n\n\n<p>w imieniu Dyrektor Instytutu Socjologii UJ dr hab. Kai Gadowskiej, prof. UJ, mamy przyjemno\u015b\u0107 serdecznie zaprosi\u0107 Pa\u0144stwa na\u00a0<strong>wyk\u0142ad Profesora Henryka Doma\u0144skiego pt<em>.\u00a0Symboliczne i &#8220;obiektywne&#8221; dystanse klasowe. Polska: 2019 &#8211; 2021<\/em><\/strong>, kt\u00f3ry odb\u0119dzie si\u0119 w ramach cyklu\u00a0<em>Spotka\u0144 Mistrzowskich Instytutu Socjologii UJ<\/em>\u00a0\u2013 serii spotka\u0144 on-line z wybitnymi przedstawicielkami i przedstawicielami \u017cycia naukowego w Polsce i na \u015bwiecie.<br><br>\u00a0\u00a0<\/p>\n\n\n\n<p>Kilka s\u0142\u00f3w o wyk\u0142adzie:&nbsp;&nbsp;<\/p>\n\n\n\n<p><em>Na dystanse spo\u0142eczne zwi\u0105zane z po\u0142o\u017ceniem materialnym, pozycj\u0105 rynkow\u0105 i walk\u0105 o interesy pracownicze nak\u0142adaj\u0105 si\u0119 dystanse symboliczne, opieraj\u0105ce si\u0119 na zachowaniach i warto\u015bciowaniu ludzi wed\u0142ug kryteri\u00f3w wy\u017cszo\u015bci-ni\u017cszo\u015bci, czy te\u017c jakichkolwiek cech, kt\u00f3re mog\u0105 by\u0107 tak interpretowane (Bourdieu, Friedman, Lamont, \u2026). Jest to efekt przekonania o istnieniu \u201esprawiedliwego \u015bwiata\u201d, kt\u00f3ry reguluje zachowania jednostek, i \u017ce pewne zachowania zas\u0142uguj\u0105 na pozytywn\u0105 ocen\u0119 a inne na negatywn\u0105 i proporcjonalnie do tego powinno si\u0119 ludzi wynagradza\u0107. Pod\u0142o\u017cem kszta\u0142towania si\u0119 dystans\u00f3w symbolicznych jest styl \u017cycia uto\u017csamiany z wzorami uczestniczenia w kulturze. Powstaje pytanie, w jakim stopniu prawid\u0142owo\u015bci dotycz\u0105ce tych zjawisk, uchwycone w kilku krajach zachodnich, wyst\u0119puj\u0105 w Polsce? Czy symboliczne dystanse klasowe hierarchizuj\u0105 ludzi silniej czy s\u0142abiej w por\u00f3wnaniu z po\u0142o\u017ceniem materialnym i pozycj\u0105 rynkow\u0105.&nbsp;&nbsp;&nbsp;<\/em><\/p>\n\n\n\n<p><em>Empiryczn\u0105 podstaw\u0105 mojego wyst\u0105pienia b\u0119d\u0105 wyniki badania ilo\u015bciowego (2019) i jako\u015bciowego (2021) nad stratyfikacj\u0105 gust\u00f3w muzycznych i innych styl\u00f3w \u017cycia. Kwestie te trzeba rozpatrywa\u0107 w kontek\u015bcie dostosowywania si\u0119 podzia\u0142\u00f3w klasowych do \u201enowych\u201d strategii, zwi\u0105zanych z globalizacj\u0105 i kultur\u0105 masow\u0105. Z analiz dla Polski wynika, \u017ce ludzie pos\u0142uguj\u0105 si\u0119 r\u00f3\u017cnymi strategiami w celu obrony lub podniesienia w\u0142asnego statusu, co zwi\u0105zane jest z pozycj\u0105 klasow\u0105. W klasach ni\u017cszych s\u0105 to m.in. ostentacyjna konsumpcja i snobizm, z kolei w \u201ewy\u017cszej klasie \u015bredniej\u201d \u2013 picie taniego alkoholu, traktowanego jako sprzeciw wobec mainstreamu, lubienie disco-polo traktowane jako ironiczne dystansowanie si\u0119 wobec z\u0142ego gustu, romantyzacja ub\u00f3stwa, lub omniworyzm polegaj\u0105cy na \u0142\u0105czeniu potraw drogich z tanimi, dla podkre\u015blenia w\u0142asnej otwarto\u015bci i potrzeb poznawczych.&nbsp;<\/em><\/p>\n\n\n\n<p>Profesor Henryk Doma\u0144ski&nbsp;&nbsp;<\/p>\n\n\n\n<p>Wyk\u0142ad odb\u0119dzie si\u0119\u00a0<strong>17 marca<\/strong>(czwartek)<strong>\u00a0o\u00a0godz. 18:00<\/strong>\u00a0na platformie MsTeamslink do spotkania:\u00a0<\/p>\n\n\n\n<p><a rel=\"noreferrer noopener\" href=\"https:\/\/teams.microsoft.com\/l\/meetup-join\/19%3aebIrDvNLJJr2OG8RB8kyEkNDcAFOEJZNhqw3Sxiya8E1%40thread.tacv2\/1644928595940?context=%7b%22Tid%22%3a%22eb0e26eb-bfbe-47d2-9e90-ebd2426dbceb%22%2c%22Oid%22%3a%2270064893-d07f-40d7-b83b-9fe3b0107d73%22%7d\" target=\"_blank\">https:\/\/teams.microsoft.com\/l\/meetup-join\/19%3aebIrDvNLJJr2OG8RB8kyEkNDcAFOEJZNhqw3Sxiya8E1%40thread.tacv2\/1644928595940?context=%7b%22Tid%22%3a%22eb0e26eb-bfbe-47d2-9e90-ebd2426dbceb%22%2c%22Oid%22%3a%2270064893-d07f-40d7-b83b-9fe3b0107d73%22%7d<\/a>\u00a0\u00a0<\/p>\n\n\n\n<p>kod zespo\u0142u:\u00a0wol5yer\u00a0<\/p>\n\n\n\n<p><strong>prof. dr hab. Henryk Doma\u0144ski<\/strong>&nbsp;&#8211; socjolog, kierownik Zespo\u0142u Bada\u0144 Struktury Spo\u0142ecznej oraz Zespo\u0142u Studi\u00f3w nad Metodami i Technikami Bada\u0144 Socjologicznych w Instytucie Filozofii i Socjologii Polskiej Akademii Nauk. W latach 2000\u20132012 dyrektor IFiS PAN. Jest cz\u0142onkiem Komitetu Socjologii PAN i Rady Doskona\u0142o\u015bci Naukowej&nbsp;I kadencji.&nbsp;<\/p>\n\n\n\n<p>Zajmuje si\u0119 badaniem uwarstwienia spo\u0142ecznego, ruchliwo\u015bci spo\u0142ecznej, metodologi\u0105 bada\u0144 spo\u0142ecznych i mi\u0119dzynarodowymi badaniami por\u00f3wnawczymi. Autor lub wsp\u00f3\u0142autor wielu ksi\u0105\u017cek, m.in.&nbsp;<em>Zadowolony niewolnik. Studium o nier\u00f3wno\u015bciach spo\u0142ecznych mi\u0119dzy m\u0119\u017cczyznami i kobietami w Polsce<\/em>&nbsp;(1992),&nbsp;<em>Spo\u0142ecze\u0144stwa klasy \u015bredniej<\/em>&nbsp;(1994),&nbsp;<em>O ruchliwo\u015bci spo\u0142ecznej<\/em>&nbsp;(2004),&nbsp;<em>Struktura spo\u0142eczna<\/em>&nbsp;(2007),&nbsp;<em>Sprawiedliwe nier\u00f3wno\u015bci zarobk\u00f3w w odczuciu spo\u0142ecznym<\/em>&nbsp;(2013).&nbsp;<\/p>\n\n\n\n<p>Wyk\u0142ada\u0142 mi\u0119dzy innymi w Inter-University Centre for Postgraduate Studies w&nbsp;Dubrowniku. By\u0142 stypendyst\u0105&nbsp;Uniwersytetu w Heidelbergu, Nuffield College i Saint Ann College na&nbsp;Uniwersytecie Oksfordzkim,&nbsp;Uniwersytetu Stanu Ohio,&nbsp;Narodowego Uniwersytetu Australijskiego&nbsp;(Canberra).&nbsp;<\/p>\n\n\n\n<p><strong>Organizator:<\/strong><br>Instytut Socjologii Uniwersytetu Jagiello\u0144skiego w Krakowie<br><br><strong>Wsp\u00f3\u0142organizatorzy:<\/strong><br>Interdyscyplinarne Centrum Analiz Spo\u0142eczno-Prawnych UJ<br>Sekcja Socjologii Prawa Polskiego Towarzystwa Socjologicznego\u00a0<\/p>\n\n\n\n<figure class=\"wp-block-gallery columns-1 is-cropped\"><ul class=\"blocks-gallery-grid\"><li class=\"blocks-gallery-item\"><figure><img loading=\"lazy\" width=\"724\" height=\"1024\" src=\"https:\/\/pts.org.pl\/wp-content\/uploads\/2022\/03\/Symboliczne-i-obiektywne-dystanse-klasowe-724x1024.jpg\" alt=\"\" data-id=\"5937\" data-full-url=\"https:\/\/pts.org.pl\/wp-content\/uploads\/2022\/03\/Symboliczne-i-obiektywne-dystanse-klasowe.jpg\" data-link=\"https:\/\/pts.org.pl\/?attachment_id=5937\" class=\"wp-image-5937\" srcset=\"https:\/\/pts.org.pl\/wp-content\/uploads\/2022\/03\/Symboliczne-i-obiektywne-dystanse-klasowe-724x1024.jpg 724w, https:\/\/pts.org.pl\/wp-content\/uploads\/2022\/03\/Symboliczne-i-obiektywne-dystanse-klasowe-212x300.jpg 212w, https:\/\/pts.org.pl\/wp-content\/uploads\/2022\/03\/Symboliczne-i-obiektywne-dystanse-klasowe-768x1086.jpg 768w, https:\/\/pts.org.pl\/wp-content\/uploads\/2022\/03\/Symboliczne-i-obiektywne-dystanse-klasowe-1086x1536.jpg 1086w, https:\/\/pts.org.pl\/wp-content\/uploads\/2022\/03\/Symboliczne-i-obiektywne-dystanse-klasowe-1448x2048.jpg 1448w, https:\/\/pts.org.pl\/wp-content\/uploads\/2022\/03\/Symboliczne-i-obiektywne-dystanse-klasowe.jpg 1587w\" sizes=\"(max-width: 724px) 100vw, 724px\" \/><\/figure><\/li><\/ul><\/figure>\n","protected":false},"excerpt":{"rendered":"<p>Szanowni Pa\u0144stwo, w imieniu Dyrektor Instytutu Socjologii UJ dr hab. Kai Gadowskiej, prof. UJ, mamy przyjemno\u015b\u0107 serdecznie zaprosi\u0107 Pa\u0144stwa na\u00a0wyk\u0142ad Profesora Henryka Doma\u0144skiego pt.\u00a0Symboliczne i &#8220;obiektywne&#8221; dystanse klasowe. Polska: 2019 &#8211; 2021, kt\u00f3ry odb\u0119dzie si\u0119 w ramach cyklu\u00a0Spotka\u0144 Mistrzowskich Instytutu Socjologii UJ\u00a0\u2013 serii spotka\u0144 on-line z wybitnymi przedstawicielkami i przedstawicielami \u017cycia naukowego w Polsce i [&hellip;]<\/p>\n","protected":false},"author":11,"featured_media":0,"comment_status":"open","ping_status":"open","sticky":false,"template":"","format":"standard","meta":[],"categories":[],"tags":[],"_links":{"self":[{"href":"https:\/\/pts.org.pl\/en\/wp-json\/wp\/v2\/posts\/5936"}],"collection":[{"href":"https:\/\/pts.org.pl\/en\/wp-json\/wp\/v2\/posts"}],"about":[{"href":"https:\/\/pts.org.pl\/en\/wp-json\/wp\/v2\/types\/post"}],"author":[{"embeddable":true,"href":"https:\/\/pts.org.pl\/en\/wp-json\/wp\/v2\/users\/11"}],"replies":[{"embeddable":true,"href":"https:\/\/pts.org.pl\/en\/wp-json\/wp\/v2\/comments?post=5936"}],"version-history":[{"count":1,"href":"https:\/\/pts.org.pl\/en\/wp-json\/wp\/v2\/posts\/5936\/revisions"}],"predecessor-version":[{"id":5938,"href":"https:\/\/pts.org.pl\/en\/wp-json\/wp\/v2\/posts\/5936\/revisions\/5938"}],"wp:attachment":[{"href":"https:\/\/pts.org.pl\/en\/wp-json\/wp\/v2\/media?parent=5936"}],"wp:term":[{"taxonomy":"category","embeddable":true,"href":"https:\/\/pts.org.pl\/en\/wp-json\/wp\/v2\/categories?post=5936"},{"taxonomy":"post_tag","embeddable":true,"href":"https:\/\/pts.org.pl\/en\/wp-json\/wp\/v2\/tags?post=5936"}],"curies":[{"name":"wp","href":"https:\/\/api.w.org\/{rel}","templated":true}]}}