{"id":5921,"date":"2022-03-02T12:23:07","date_gmt":"2022-03-02T12:23:07","guid":{"rendered":"https:\/\/pts.org.pl\/?p=5921"},"modified":"2022-03-02T12:23:10","modified_gmt":"2022-03-02T12:23:10","slug":"zaproszenie-do-udzialu-w-seminarium-sekcji-socjologii-zycia-rodzinnego-i-intymnosci-3","status":"publish","type":"post","link":"https:\/\/pts.org.pl\/en\/zaproszenie-do-udzialu-w-seminarium-sekcji-socjologii-zycia-rodzinnego-i-intymnosci-3\/","title":{"rendered":"Zaproszenie do udzia\u0142u w seminarium Sekcji Socjologii \u017bycia Rodzinnego i Intymno\u015bci"},"content":{"rendered":"<div class=\"fcbkbttn_buttons_block\" id=\"fcbkbttn_left\"><div class=\"fcbkbttn_button\">\n                            <a href=\"https:\/\/www.facebook.com\/\" target=\"_blank\">\n                                <img src=\"https:\/\/pts.org.pl\/wp-content\/plugins\/facebook-button-plugin\/images\/standard-facebook-ico.png\" alt=\"Fb-Button\" \/>\n                            <\/a>\n                        <\/div><div class=\"fcbkbttn_like \"><fb:like href=\"https:\/\/pts.org.pl\/en\/zaproszenie-do-udzialu-w-seminarium-sekcji-socjologii-zycia-rodzinnego-i-intymnosci-3\/\" action=\"like\" colorscheme=\"light\" layout=\"button_count\"  size=\"small\"><\/fb:like><\/div><\/div>\n<p>Sekcja Socjologii \u017bycia Rodzinnego i Intymno\u015bci zaprasza na kolejne spotkanie on-line.<\/p>\n\n\n\n<p>Najbli\u017csze spotkanie &#8211; 10 marca 2022r. (czwartek), godz. 17.00<\/p>\n\n\n\n<p>Temat: Rodzina a praca &#8211; do\u015bwiadczenia kobiet<br>Prelegentki: dr Magdalena Stankowska, dr Marta Miko\u0142ajczyk<br><\/p>\n\n\n\n<p>Link:<br><a rel=\"noreferrer noopener\" href=\"https:\/\/us02web.zoom.us\/j\/87807347857?pwd=Q3YydWJ3RXFMWVZNajQxMUxIR2UyUT09\" target=\"_blank\">https:\/\/us02web.zoom.us\/j\/87807347857?pwd=Q3YydWJ3RXFMWVZNajQxMUxIR2UyUT09<\/a><br>Meeting ID: 878 0734 7857<br>Passcode: 175713<\/p>\n\n\n\n<div class=\"wp-block-file\"><object class=\"wp-block-file__embed\" data=\"https:\/\/pts.org.pl\/wp-content\/uploads\/2022\/03\/Seminarium-Sekcji-Socjologii-Z\u0307ycia-Rodzinnego-i-Intymnos\u0301ci_10.03.2022.pdf\" type=\"application\/pdf\" style=\"width:100%;height:600px\" aria-label=\"Osadzone z Seminarium-Sekcji-Socjologii-Z\u0307ycia-Rodzinnego-i-Intymnos\u0301ci_10.03.2022.\"><\/object><a href=\"https:\/\/pts.org.pl\/wp-content\/uploads\/2022\/03\/Seminarium-Sekcji-Socjologii-Z\u0307ycia-Rodzinnego-i-Intymnos\u0301ci_10.03.2022.pdf\">Seminarium-Sekcji-Socjologii-Z\u0307ycia-Rodzinnego-i-Intymnos\u0301ci_10.03.2022<\/a><a href=\"https:\/\/pts.org.pl\/wp-content\/uploads\/2022\/03\/Seminarium-Sekcji-Socjologii-Z\u0307ycia-Rodzinnego-i-Intymnos\u0301ci_10.03.2022.pdf\" class=\"wp-block-file__button\" download>Pobierz<\/a><\/div>\n","protected":false},"excerpt":{"rendered":"<p>Sekcja Socjologii \u017bycia Rodzinnego i Intymno\u015bci zaprasza na kolejne spotkanie on-line. Najbli\u017csze spotkanie &#8211; 10 marca 2022r. (czwartek), godz. 17.00 Temat: Rodzina a praca &#8211; do\u015bwiadczenia kobietPrelegentki: dr Magdalena Stankowska, dr Marta Miko\u0142ajczyk Link:https:\/\/us02web.zoom.us\/j\/87807347857?pwd=Q3YydWJ3RXFMWVZNajQxMUxIR2UyUT09Meeting ID: 878 0734 7857Passcode: 175713<\/p>\n","protected":false},"author":11,"featured_media":0,"comment_status":"open","ping_status":"open","sticky":false,"template":"","format":"standard","meta":[],"categories":[],"tags":[],"_links":{"self":[{"href":"https:\/\/pts.org.pl\/en\/wp-json\/wp\/v2\/posts\/5921"}],"collection":[{"href":"https:\/\/pts.org.pl\/en\/wp-json\/wp\/v2\/posts"}],"about":[{"href":"https:\/\/pts.org.pl\/en\/wp-json\/wp\/v2\/types\/post"}],"author":[{"embeddable":true,"href":"https:\/\/pts.org.pl\/en\/wp-json\/wp\/v2\/users\/11"}],"replies":[{"embeddable":true,"href":"https:\/\/pts.org.pl\/en\/wp-json\/wp\/v2\/comments?post=5921"}],"version-history":[{"count":1,"href":"https:\/\/pts.org.pl\/en\/wp-json\/wp\/v2\/posts\/5921\/revisions"}],"predecessor-version":[{"id":5923,"href":"https:\/\/pts.org.pl\/en\/wp-json\/wp\/v2\/posts\/5921\/revisions\/5923"}],"wp:attachment":[{"href":"https:\/\/pts.org.pl\/en\/wp-json\/wp\/v2\/media?parent=5921"}],"wp:term":[{"taxonomy":"category","embeddable":true,"href":"https:\/\/pts.org.pl\/en\/wp-json\/wp\/v2\/categories?post=5921"},{"taxonomy":"post_tag","embeddable":true,"href":"https:\/\/pts.org.pl\/en\/wp-json\/wp\/v2\/tags?post=5921"}],"curies":[{"name":"wp","href":"https:\/\/api.w.org\/{rel}","templated":true}]}}