{"id":5895,"date":"2022-02-19T11:04:02","date_gmt":"2022-02-19T11:04:02","guid":{"rendered":"https:\/\/pts.org.pl\/?p=5895"},"modified":"2022-02-19T11:07:43","modified_gmt":"2022-02-19T11:07:43","slug":"apel-w-obronie-stowarzyszenia-memorial","status":"publish","type":"post","link":"https:\/\/pts.org.pl\/en\/apel-w-obronie-stowarzyszenia-memorial\/","title":{"rendered":"Apel w obronie Stowarzyszenia \u201eMemoria\u0142\u201d"},"content":{"rendered":"<div class=\"fcbkbttn_buttons_block\" id=\"fcbkbttn_left\"><div class=\"fcbkbttn_button\">\n                            <a href=\"https:\/\/www.facebook.com\/\" target=\"_blank\">\n                                <img src=\"https:\/\/pts.org.pl\/wp-content\/plugins\/facebook-button-plugin\/images\/standard-facebook-ico.png\" alt=\"Fb-Button\" \/>\n                            <\/a>\n                        <\/div><div class=\"fcbkbttn_like \"><fb:like href=\"https:\/\/pts.org.pl\/en\/apel-w-obronie-stowarzyszenia-memorial\/\" action=\"like\" colorscheme=\"light\" layout=\"button_count\"  size=\"small\"><\/fb:like><\/div><\/div>\n<p>Dnia 28 grudnia 2021 r. S\u0105d Najwy\u017cszy Federacji Rosyjskiej wyda\u0142 wyrok nakazuj\u0105cy likwidacj\u0119 Mi\u0119dzynarodowego Stowarzyszenia Historyczno-O\u015bwiatowego, Dobroczynnego i Obrony Praw Cz\u0142owieka \u201eMemoria\u0142\u201d.<\/p>\n\n\n\n<p>My, wyk\u0142adowcy akademiccy, w szczeg\u00f3lno\u015bci historycy, oraz gremia kolegialne, w kt\u00f3rych zasiadamy, protestujemy stanowczo przeciwko tej decyzji i stajemy w zgodnej solidarno\u015bci z pracownikami i wolontariuszami Stowarzyszenia \u201eMemoria\u0142\u201d.<\/p>\n\n\n\n<p>Znaczenie \u201eMemoria\u0142u\u201d, jego bada\u0144 nad zbrodniami re\u017cimu totalitarnego w Zwi\u0105zku Radzieckim, stworzonego przeze\u0144 muzeum, archiwum i biblioteki, organizowanych wystaw i przedsi\u0119wzi\u0119\u0107 naukowych, dzia\u0142alno\u015bci wydawniczej i popularyzatorskiej \u2013 jest nie do przecenienia.<br>W ogromnym stopniu przyczyni\u0142 si\u0119 on do wy\u015bwietlenia prawdy o najczarniejszych kartach historii XX wieku. \u201eMemoria\u0142\u201d s\u0142u\u017cy dobru nie tylko Federacji Rosyjskiej i jej obywateli, ale i ca\u0142emu \u015bwiatu. Jest Rosji i Polsce, a szerzej: Europie i \u015bwiatu ogromnie w dalszym ci\u0105gu potrzebny.<\/p>\n\n\n\n<p>Znajduj\u0105ca si\u0119 od pocz\u0105tku w centrum dzia\u0142a\u0144 \u201eMemoria\u0142u\u201d obrona praw cz\u0142owieka, empatycznie obejmuj\u0105ca i grupy, i pojedynczych ludzi, czyni z tego stowarzyszenia jedn\u0105 z najwa\u017cniejszych i najchwalebniejszych rosyjskich organizacji pozarz\u0105dowych. Jest ona, jak s\u0142usznie m\u00f3wi dzi\u015b i pisze ca\u0142y demokratyczny \u015bwiat, sumieniem narodu.<\/p>\n\n\n\n<p>Wzywamy do poniechania dalszych krok\u00f3w, zmierzaj\u0105cych do zniweczenia ponad trzydziestoletniego dorobku Stowarzyszenia \u201eMemoria\u0142\u201d, do pozytywnego rozpatrzenia s\u0142usznie przys\u0142uguj\u0105cej stowarzyszeniu apelacji i do umo\u017cliwienia mu dalszego nieskr\u0119powanego dzia\u0142ania bez obaw represji i ogranicze\u0144.<\/p>\n\n\n\n<p>Tw\u00f3rc\u00f3w, pracownik\u00f3w i wolontariuszy \u201eMemoria\u0142u\u201d zapewniamy o naszej solidarno\u015bci i wdzi\u0119czno\u015bci. Ca\u0142\u0105 demokratyczn\u0105 wsp\u00f3lnot\u0119 mi\u0119dzynarodow\u0105 i wszystkich ludzi dobrej woli prosimy o zjednoczenie w obronie tej unikatowej, zas\u0142u\u017conej i ogromnie potrzebnej organizacji.<\/p>\n\n\n\n<p><em>Dziekan, Rada Dzieka\u0144ska i Rada Dyscypliny Wydzia\u0142u Historii Uniwersytetu im. Adama Mickiewicza w Poznaniu<\/em><\/p>\n\n\n\n<p><em>Dziekan i Rada Wydzia\u0142u Historycznego Uniwersytetu Gda\u0144skiego<\/em><\/p>\n\n\n\n<p><em>Dziekan i Rada Wydzia\u0142u Historycznego Uniwersytetu Jagiello\u0144skiego w Krakowie<\/em><\/p>\n\n\n\n<p><em>Dziekan, Kolegium Dzieka\u0144skie, Rada Wydzia\u0142u Humanistycznego, Dyrektor i Rada Instytutu Historii Uniwersytetu Jana Kochanowskiego w Kielcach<\/em><\/p>\n\n\n\n<p><em>Dziekan i Rada Naukowa Wydzia\u0142u Historycznego Uniwersytetu Kazimierza Wielkiego<br>w Bydgoszczy<\/em><\/p>\n\n\n\n<p><em>Dziekan, Kolegium Dzieka\u0144skie i Rada Wydzia\u0142u Filozoficzno-Historycznego Uniwersytetu \u0141\u00f3dzkiego<\/em><\/p>\n\n\n\n<p><em>Dyrekcja i Rada Naukowa Instytutu Historii Uniwersytetu Marii Curie-Sk\u0142odowskiej w Lublinie<\/em><\/p>\n\n\n\n<p><em>Przewodnicz\u0105cy i Rada Dyscypliny Historia Uniwersytetu Miko\u0142aja Kopernika w Toruniu<\/em><\/p>\n\n\n\n<p><em>Przewodnicz\u0105cy i Rada Dyscypliny Historia Uniwersytetu Pedagogicznego im. Komisji Edukacji Narodowej w Krakowie<\/em><\/p>\n\n\n\n<p><em>Prorektor ds. Kolegium&nbsp;Nauk Humanistycznych i Rada Naukowa Kolegium&nbsp;Nauk Humanistycznych Uniwersytetu Rzeszowskiego<\/em><\/p>\n\n\n\n<p><em>Przewodnicz\u0105cy i Rada Naukowa Instytutu Historycznego Uniwersytetu Szczeci\u0144skiego<\/em><\/p>\n\n\n\n<p><em>Dyrektor i Rada Instytutu Historii Uniwersytetu \u015al\u0105skiego w Katowicach<\/em><\/p>\n\n\n\n<p><em>Dziekan i Rada Wydzia\u0142u Historii i Stosunk\u00f3w Mi\u0119dzynarodowych Uniwersytetu w Bia\u0142ymstoku<\/em><\/p>\n\n\n\n<p><em>Przewodnicz\u0105cy i Rada Naukowa Dyscypliny Historia Uniwersytetu Warmi\u0144sko-Mazurskiego<br>w Olsztynie<\/em><\/p>\n\n\n\n<p><em>Dziekan i Rada Wydzia\u0142u Historii Uniwersytetu Warszawskiego<\/em><\/p>\n\n\n\n<p><em>Dziekan i Rada Wydzia\u0142u Nauk Historycznych i Pedagogicznych Uniwersytetu Wroc\u0142awskiego<\/em><\/p>\n\n\n\n<p><em>Przewodnicz\u0105cy i Rada Dyscypliny Naukowej Historia Uniwersytetu Zielonog\u00f3rskiego<\/em><\/p>\n\n\n\n<p><em>Dyrektor i Rada Instytutu Historii Katolickiego Uniwersytetu Lubelskiego Jana Paw\u0142a II<\/em><\/p>\n\n\n\n<p><em>Dyrektor i Rada Instytutu Historii Akademii Pomorskiej w S\u0142upsku<\/em><\/p>\n\n\n\n<p><em>Dyrekcja i Rada Naukowa Instytutu Historii im. Tadeusza Manteuffla Polskiej Akademii Nauk<\/em><\/p>\n\n\n\n<p><em>Komitet Nauk Etnologicznych Polskiej Akademii Nauk<\/em><\/p>\n\n\n\n<p><em>Komitet Nauk Filozoficznych Polskiej Akademii Nauk<\/em><\/p>\n\n\n\n<p><em>Komitet Nauk Historycznych Polskiej Akademii Nauk<\/em><\/p>\n\n\n\n<p><em>Komitet Nauk o Kulturze Antycznej Polskiej Akademii Nauk<\/em><\/p>\n\n\n\n<p><em>Komitet S\u0142owianoznawstwa Polskiej Akademii Nauk<\/em><\/p>\n\n\n\n<p><em>Prezes i Zarz\u0105d G\u0142\u00f3wny Polskiego Towarzystwa Historycznego<\/em><\/p>\n\n\n\n<p><em>Prezes i Zarz\u0105d Polskiego Towarzystwa Ludoznawczego<\/em><\/p>\n\n\n\n<p><em>Przewodnicz\u0105cy i Zarz\u0105d G\u0142\u00f3wny Polskiego Towarzystwa Socjologicznego<\/em><\/p>\n\n\n\n<p><\/p>\n\n\n\n<div class=\"wp-block-file\"><a href=\"https:\/\/pts.org.pl\/wp-content\/uploads\/2022\/02\/Apel-w-obronie-Stowarzyszenia-Memorial-PL.docx\">Apel-w-obronie-Stowarzyszenia-Memorial-PL<\/a><a href=\"https:\/\/pts.org.pl\/wp-content\/uploads\/2022\/02\/Apel-w-obronie-Stowarzyszenia-Memorial-PL.docx\" class=\"wp-block-file__button\" download>Pobierz<\/a><\/div>\n\n\n\n<div class=\"wp-block-file\"><a href=\"https:\/\/pts.org.pl\/wp-content\/uploads\/2022\/02\/Apel-w-obronie-Memorialu-An-appeal-in-defense-of-the-Memorial-Society-EN.docx\">Apel-w-obronie-Memorialu-An-appeal-in-defense-of-the-Memorial-Society-EN<\/a><a href=\"https:\/\/pts.org.pl\/wp-content\/uploads\/2022\/02\/Apel-w-obronie-Memorialu-An-appeal-in-defense-of-the-Memorial-Society-EN.docx\" class=\"wp-block-file__button\" download>Pobierz<\/a><\/div>\n\n\n\n<div class=\"wp-block-file\"><object class=\"wp-block-file__embed\" data=\"https:\/\/pts.org.pl\/wp-content\/uploads\/2022\/02\/Apel-w-obronie-Memorialu-\u041e\u0431\u0440\u0430\u0449\u0435\u043d\u0438\u0435-\u0432-\u0437\u0430\u0449\u0438\u0442\u0443-\u043e\u0431\u0449\u0435\u0441\u0442\u0432\u0430-\u041c\u0435\u043c\u043e\u0440\u0438\u0430\u043b-RU-1.pdf\" type=\"application\/pdf\" style=\"width:100%;height:600px\" aria-label=\"Osadzone z Apel-w-obronie-Memorialu-\u041e\u0431\u0440\u0430\u0449\u0435\u043d\u0438\u0435-\u0432-\u0437\u0430\u0449\u0438\u0442\u0443-\u043e\u0431\u0449\u0435\u0441\u0442\u0432\u0430-\u041c\u0435\u043c\u043e\u0440\u0438\u0430\u043b-RU-1.\"><\/object><a href=\"https:\/\/pts.org.pl\/wp-content\/uploads\/2022\/02\/Apel-w-obronie-Memorialu-\u041e\u0431\u0440\u0430\u0449\u0435\u043d\u0438\u0435-\u0432-\u0437\u0430\u0449\u0438\u0442\u0443-\u043e\u0431\u0449\u0435\u0441\u0442\u0432\u0430-\u041c\u0435\u043c\u043e\u0440\u0438\u0430\u043b-RU-1.pdf\">Apel-w-obronie-Memorialu-\u041e\u0431\u0440\u0430\u0449\u0435\u043d\u0438\u0435-\u0432-\u0437\u0430\u0449\u0438\u0442\u0443-\u043e\u0431\u0449\u0435\u0441\u0442\u0432\u0430-\u041c\u0435\u043c\u043e\u0440\u0438\u0430\u043b-RU-1<\/a><a href=\"https:\/\/pts.org.pl\/wp-content\/uploads\/2022\/02\/Apel-w-obronie-Memorialu-\u041e\u0431\u0440\u0430\u0449\u0435\u043d\u0438\u0435-\u0432-\u0437\u0430\u0449\u0438\u0442\u0443-\u043e\u0431\u0449\u0435\u0441\u0442\u0432\u0430-\u041c\u0435\u043c\u043e\u0440\u0438\u0430\u043b-RU-1.pdf\" class=\"wp-block-file__button\" download>Pobierz<\/a><\/div>\n","protected":false},"excerpt":{"rendered":"<p>Dnia 28 grudnia 2021 r. S\u0105d Najwy\u017cszy Federacji Rosyjskiej wyda\u0142 wyrok nakazuj\u0105cy likwidacj\u0119 Mi\u0119dzynarodowego Stowarzyszenia Historyczno-O\u015bwiatowego, Dobroczynnego i Obrony Praw Cz\u0142owieka \u201eMemoria\u0142\u201d. My, wyk\u0142adowcy akademiccy, w szczeg\u00f3lno\u015bci historycy, oraz gremia kolegialne, w kt\u00f3rych zasiadamy, protestujemy stanowczo przeciwko tej decyzji i stajemy w zgodnej solidarno\u015bci z pracownikami i wolontariuszami Stowarzyszenia \u201eMemoria\u0142\u201d. Znaczenie \u201eMemoria\u0142u\u201d, jego bada\u0144 nad [&hellip;]<\/p>\n","protected":false},"author":11,"featured_media":0,"comment_status":"open","ping_status":"open","sticky":false,"template":"","format":"standard","meta":[],"categories":[],"tags":[],"_links":{"self":[{"href":"https:\/\/pts.org.pl\/en\/wp-json\/wp\/v2\/posts\/5895"}],"collection":[{"href":"https:\/\/pts.org.pl\/en\/wp-json\/wp\/v2\/posts"}],"about":[{"href":"https:\/\/pts.org.pl\/en\/wp-json\/wp\/v2\/types\/post"}],"author":[{"embeddable":true,"href":"https:\/\/pts.org.pl\/en\/wp-json\/wp\/v2\/users\/11"}],"replies":[{"embeddable":true,"href":"https:\/\/pts.org.pl\/en\/wp-json\/wp\/v2\/comments?post=5895"}],"version-history":[{"count":3,"href":"https:\/\/pts.org.pl\/en\/wp-json\/wp\/v2\/posts\/5895\/revisions"}],"predecessor-version":[{"id":5904,"href":"https:\/\/pts.org.pl\/en\/wp-json\/wp\/v2\/posts\/5895\/revisions\/5904"}],"wp:attachment":[{"href":"https:\/\/pts.org.pl\/en\/wp-json\/wp\/v2\/media?parent=5895"}],"wp:term":[{"taxonomy":"category","embeddable":true,"href":"https:\/\/pts.org.pl\/en\/wp-json\/wp\/v2\/categories?post=5895"},{"taxonomy":"post_tag","embeddable":true,"href":"https:\/\/pts.org.pl\/en\/wp-json\/wp\/v2\/tags?post=5895"}],"curies":[{"name":"wp","href":"https:\/\/api.w.org\/{rel}","templated":true}]}}