{"id":5889,"date":"2022-02-19T10:28:11","date_gmt":"2022-02-19T10:28:11","guid":{"rendered":"https:\/\/pts.org.pl\/?p=5889"},"modified":"2022-02-19T10:28:13","modified_gmt":"2022-02-19T10:28:13","slug":"zaproszenie-na-wyklad-profesora-michala-kosinskiego-pt-koniec-prywatnosci","status":"publish","type":"post","link":"https:\/\/pts.org.pl\/en\/zaproszenie-na-wyklad-profesora-michala-kosinskiego-pt-koniec-prywatnosci\/","title":{"rendered":"Zaproszenie na wyk\u0142ad Profesora Micha\u0142a Kosi\u0144skiego pt. &#8220;Koniec Prywatno\u015bci&#8221;"},"content":{"rendered":"<div class=\"fcbkbttn_buttons_block\" id=\"fcbkbttn_left\"><div class=\"fcbkbttn_button\">\n                            <a href=\"https:\/\/www.facebook.com\/\" target=\"_blank\">\n                                <img src=\"https:\/\/pts.org.pl\/wp-content\/plugins\/facebook-button-plugin\/images\/standard-facebook-ico.png\" alt=\"Fb-Button\" \/>\n                            <\/a>\n                        <\/div><div class=\"fcbkbttn_like \"><fb:like href=\"https:\/\/pts.org.pl\/en\/zaproszenie-na-wyklad-profesora-michala-kosinskiego-pt-koniec-prywatnosci\/\" action=\"like\" colorscheme=\"light\" layout=\"button_count\"  size=\"small\"><\/fb:like><\/div><\/div>\n<p>Szanowni Pa\u0144stwo,\u00a0<\/p>\n\n\n\n<p>w imieniu Dyrektor Instytutu Socjologii UJ dr hab. Kai Gadowskiej, prof. UJ mamy przyjemno\u015b\u0107 serdecznie zaprosi\u0107 Pa\u0144stwa\u00a0na\u00a0<strong>wyk\u0142ad Profesora Micha\u0142a Kosi\u0144skiego pt. <em>Koniec Prywatno\u015bci<\/em><\/strong>, kt\u00f3ry odb\u0119dzie si\u0119 w ramach cyklu\u00a0<em>Spotka\u0144 Mistrzowskich Instytutu Socjologii UJ<\/em>\u00a0\u2013 serii spotka\u0144 on-line z wybitnymi przedstawicielkami i przedstawicielami \u017cycia naukowego w Polsce i na \u015bwiecie.<\/p>\n\n\n\n<p>Kilka s\u0142\u00f3w o wyk\u0142adzie:\u00a0\u00a0\u00a0\u00a0<\/p>\n\n\n\n<p><em>Jednostki, organizacje i spo\u0142ecze\u0144stwa coraz cz\u0119\u015bciej przenosz\u0105 si\u0119 do \u015brodowiska cyfrowego. Coraz wi\u0119ksza cz\u0119\u015b\u0107 naszych dzia\u0142a\u0144 \u2013 takich jak kontakty towarzyskie, praca, rozrywka, zakupy, a nawet randki \u2013 jest obecnie realizowana poprzez urz\u0105dzenia i us\u0142ugi cyfrowe. Takie cyfrowo zapo\u015bredniczone dzia\u0142ania mo\u017cna \u0142atwo rejestrowa\u0107, tworz\u0105c du\u017ce ilo\u015bci \u015blad\u00f3w naszych zachowa\u0144 w sieci. Uzyskane w ten spos\u00f3b dane s\u0105 przekazywane do coraz bardziej zaawansowanych algorytm\u00f3w, co daje bezprecedensow\u0105 mo\u017cliwo\u015b\u0107 zrozumienia, przewidywania i wp\u0142ywania na nasze dalsze zachowanie. Wp\u0142ywa to w spos\u00f3b znacz\u0105cy na \u017cycie i do\u015bwiadczenia jednostek, zmienia kszta\u0142t spo\u0142ecze\u0144stw i prowadzi do powstania nowych produkt\u00f3w, ga\u0142\u0119zi przemys\u0142u i modeli biznesowych. Wiele z tych zmian przynosi korzy\u015bci, ale istniej\u0105 r\u00f3wnie\u017c wyzwania &#8211; pocz\u0105wszy od utraty prywatno\u015bci po masow\u0105 propagand\u0119 nap\u0119dzan\u0105 sztuczn\u0105 inteligencj\u0105.\u00a0To na nas spoczywa zobowi\u0105zanie, \u017ce zbudujemy Globaln\u0105 Wiosk\u0119, a nie \u015bwiat Mad Max.<\/em>\u00a0<\/p>\n\n\n\n<p class=\"has-text-align-right\">Profesor Micha\u0142 Kosi\u0144ski\u00a0\u00a0\u00a0\u00a0\u00a0\u00a0<\/p>\n\n\n\n<p>Wyk\u0142ad odb\u0119dzie si\u0119\u00a0<strong>3 marca br.<\/strong>\u00a0(czwartek) o\u00a0<strong>godz. 18:00\u00a0<\/strong>na platformie MsTeams\u00a0\u00a0link do spotkania:\u00a0<\/p>\n\n\n\n<p><a rel=\"noreferrer noopener\" href=\"https:\/\/teams.microsoft.com\/l\/meetup-join\/19%3aEo0Q5uO-wOuj1ZTlOz8Z59kUsjE7vqr8rBCG4tJ1iXw1%40thread.tacv2\/1644326947862?context=%7b%22Tid%22%3a%22eb0e26eb-bfbe-47d2-9e90-ebd2426dbceb%22%2c%22Oid%22%3a%2270064893-d07f-40d7-b83b-9fe3b0107d73%22%7d\" target=\"_blank\">https:\/\/teams.microsoft.com\/l\/meetup-join\/19%3aEo0Q5uO-wOuj1ZTlOz8Z59kUsjE7vqr8rBCG4tJ1iXw1%40thread.tacv2\/1644326947862?context=%7b%22Tid%22%3a%22eb0e26eb-bfbe-47d2-9e90-ebd2426dbceb%22%2c%22Oid%22%3a%2270064893-d07f-40d7-b83b-9fe3b0107d73%22%7d<\/a>\u00a0\u00a0<\/p>\n\n\n\n<p>kod zespo\u0142u:\u00a0q15cq66\u00a0<\/p>\n\n\n\n<p><strong>Micha\u0142 Kosi\u0144ski \u2013<\/strong>\u00a0profesor nadzwyczajny w Graduate School of Business na Uniwersytecie Stanforda. Bada ludzi w \u015brodowisku cyfrowym przy u\u017cyciu najnowocze\u015bniejszych metod obliczeniowych, AI i Big Data. Wsp\u00f3\u0142autor popularnego podr\u0119cznika\u00a0<em>Modern Psychometrics<\/em>. Opublikowa\u0142 ponad 90 recenzowanych artyku\u0142\u00f3w w wiod\u0105cych czasopismach, w tym Nature Scientific Reports, Proceedings of the National Academy of Sciences (PNAS), Psychological Science, Journal of Personality and Social Psychology (JPSP),\u00a0Machine Learning.\u00a0\u00a0Prowadzone przez niego badania by\u0142y inspiracj\u0105 m.in. dla tw\u00f3rc\u00f3w\u00a0<a rel=\"noreferrer noopener\" href=\"https:\/\/drive.google.com\/file\/d\/1eDvkTTgbaf4hHuhMXFC1Oj6kaDP9ZtD8\/view\" target=\"_blank\">ok\u0142adki The Economist<\/a>, spektaklu teatralnego z 2014 roku zatytu\u0142owanego\u00a0<a rel=\"noreferrer noopener\" href=\"https:\/\/www.theguardian.com\/stage\/2014\/apr\/10\/privacy-donmar-warehouse-graham-rourke-snowden-nsa\" target=\"_blank\"><em>Prywatno\u015b\u0107<\/em><\/a>, szeregu wyk\u0142ad\u00f3w cyklu TED i by\u0142y omawiane w tysi\u0105cach ksi\u0105\u017cek, artyku\u0142\u00f3w prasowych, podcast\u00f3w i film\u00f3w dokumentalnych.\u00a0Uzyska\u0142 stopie\u0144 doktora psychologii na Uniwersytecie Cambridge oraz tytu\u0142 magistra z psychometrii i psychologii spo\u0142ecznej. By\u0142 stypendyst\u0105 na\u00a0Stanford&#8217;s Computer Science Department, zast\u0119pc\u0105 Dyrektora\u00a0University of Cambridge Psychometrics Centre\u00a0oraz badaczem w Microsoft Research (Machine Learning Group).\u00a0\u00a0<\/p>\n\n\n\n<p>Wi\u0119cej informacji na stronie:\u00a0<a rel=\"noreferrer noopener\" href=\"https:\/\/www.michalkosinski.com\/curriculum-vitae\" target=\"_blank\">https:\/\/www.michalkosinski.com\/curriculum-vitae<\/a><\/p>\n\n\n\n<p><strong>Organizator:<\/strong><br>Instytut Socjologii Uniwersytetu Jagiello\u0144skiego w Krakowie<\/p>\n\n\n\n<p><strong>Wsp\u00f3\u0142organizatorzy:<\/strong><br>Interdyscyplinarne Centrum Analiz Spo\u0142eczno-Prawnych UJ<br>Sekcja Socjologii Prawa Polskiego Towarzystwa Socjologicznego\u00a0<\/p>\n\n\n\n<figure class=\"wp-block-gallery columns-1 is-cropped\"><ul class=\"blocks-gallery-grid\"><li class=\"blocks-gallery-item\"><figure><img loading=\"lazy\" width=\"724\" height=\"1024\" src=\"https:\/\/pts.org.pl\/wp-content\/uploads\/2022\/02\/Koniec-Prywatnosci-724x1024.jpg\" alt=\"\" data-id=\"5890\" data-full-url=\"https:\/\/pts.org.pl\/wp-content\/uploads\/2022\/02\/Koniec-Prywatnosci.jpg\" data-link=\"https:\/\/pts.org.pl\/?attachment_id=5890\" class=\"wp-image-5890\" srcset=\"https:\/\/pts.org.pl\/wp-content\/uploads\/2022\/02\/Koniec-Prywatnosci-724x1024.jpg 724w, https:\/\/pts.org.pl\/wp-content\/uploads\/2022\/02\/Koniec-Prywatnosci-212x300.jpg 212w, https:\/\/pts.org.pl\/wp-content\/uploads\/2022\/02\/Koniec-Prywatnosci-768x1086.jpg 768w, https:\/\/pts.org.pl\/wp-content\/uploads\/2022\/02\/Koniec-Prywatnosci-1086x1536.jpg 1086w, https:\/\/pts.org.pl\/wp-content\/uploads\/2022\/02\/Koniec-Prywatnosci-1448x2048.jpg 1448w, https:\/\/pts.org.pl\/wp-content\/uploads\/2022\/02\/Koniec-Prywatnosci.jpg 1587w\" sizes=\"(max-width: 724px) 100vw, 724px\" \/><\/figure><\/li><\/ul><\/figure>\n","protected":false},"excerpt":{"rendered":"<p>Szanowni Pa\u0144stwo,\u00a0 w imieniu Dyrektor Instytutu Socjologii UJ dr hab. Kai Gadowskiej, prof. UJ mamy przyjemno\u015b\u0107 serdecznie zaprosi\u0107 Pa\u0144stwa\u00a0na\u00a0wyk\u0142ad Profesora Micha\u0142a Kosi\u0144skiego pt. Koniec Prywatno\u015bci, kt\u00f3ry odb\u0119dzie si\u0119 w ramach cyklu\u00a0Spotka\u0144 Mistrzowskich Instytutu Socjologii UJ\u00a0\u2013 serii spotka\u0144 on-line z wybitnymi przedstawicielkami i przedstawicielami \u017cycia naukowego w Polsce i na \u015bwiecie. Kilka s\u0142\u00f3w o wyk\u0142adzie:\u00a0\u00a0\u00a0\u00a0 Jednostki, [&hellip;]<\/p>\n","protected":false},"author":11,"featured_media":0,"comment_status":"open","ping_status":"open","sticky":false,"template":"","format":"standard","meta":[],"categories":[],"tags":[],"_links":{"self":[{"href":"https:\/\/pts.org.pl\/en\/wp-json\/wp\/v2\/posts\/5889"}],"collection":[{"href":"https:\/\/pts.org.pl\/en\/wp-json\/wp\/v2\/posts"}],"about":[{"href":"https:\/\/pts.org.pl\/en\/wp-json\/wp\/v2\/types\/post"}],"author":[{"embeddable":true,"href":"https:\/\/pts.org.pl\/en\/wp-json\/wp\/v2\/users\/11"}],"replies":[{"embeddable":true,"href":"https:\/\/pts.org.pl\/en\/wp-json\/wp\/v2\/comments?post=5889"}],"version-history":[{"count":1,"href":"https:\/\/pts.org.pl\/en\/wp-json\/wp\/v2\/posts\/5889\/revisions"}],"predecessor-version":[{"id":5891,"href":"https:\/\/pts.org.pl\/en\/wp-json\/wp\/v2\/posts\/5889\/revisions\/5891"}],"wp:attachment":[{"href":"https:\/\/pts.org.pl\/en\/wp-json\/wp\/v2\/media?parent=5889"}],"wp:term":[{"taxonomy":"category","embeddable":true,"href":"https:\/\/pts.org.pl\/en\/wp-json\/wp\/v2\/categories?post=5889"},{"taxonomy":"post_tag","embeddable":true,"href":"https:\/\/pts.org.pl\/en\/wp-json\/wp\/v2\/tags?post=5889"}],"curies":[{"name":"wp","href":"https:\/\/api.w.org\/{rel}","templated":true}]}}