{"id":5886,"date":"2022-02-17T10:19:00","date_gmt":"2022-02-17T10:19:00","guid":{"rendered":"https:\/\/pts.org.pl\/?p=5886"},"modified":"2022-02-19T10:22:31","modified_gmt":"2022-02-19T10:22:31","slug":"odczyt-solidarnosc-queerowa-mobilizacja-ramy-i-dzialania-ruchow-queerowych-w-polsce","status":"publish","type":"post","link":"https:\/\/pts.org.pl\/en\/odczyt-solidarnosc-queerowa-mobilizacja-ramy-i-dzialania-ruchow-queerowych-w-polsce\/","title":{"rendered":"Odczyt Solidarno\u015b\u0107 queerowa. Mobilizacja, ramy i dzia\u0142ania ruch\u00f3w queerowych w Polsce"},"content":{"rendered":"<div class=\"fcbkbttn_buttons_block\" id=\"fcbkbttn_left\"><div class=\"fcbkbttn_button\">\n                            <a href=\"https:\/\/www.facebook.com\/\" target=\"_blank\">\n                                <img src=\"https:\/\/pts.org.pl\/wp-content\/plugins\/facebook-button-plugin\/images\/standard-facebook-ico.png\" alt=\"Fb-Button\" \/>\n                            <\/a>\n                        <\/div><div class=\"fcbkbttn_like \"><fb:like href=\"https:\/\/pts.org.pl\/en\/odczyt-solidarnosc-queerowa-mobilizacja-ramy-i-dzialania-ruchow-queerowych-w-polsce\/\" action=\"like\" colorscheme=\"light\" layout=\"button_count\"  size=\"small\"><\/fb:like><\/div><\/div>\n<p class=\"has-text-align-center\">Oddzia\u0142 \u0141\u00f3dzki Polskiego Towarzystwa Socjologicznego zaprasza na odczyt<\/p>\n\n\n\n<p class=\"has-text-align-center\"><strong>dr Justyny Struzik (Uniwersytet Jagiello\u0144ski)<\/strong><\/p>\n\n\n\n<p class=\"has-text-align-center\"><em>pt. Solidarno\u015b\u0107 queerowa.<\/em><br><em>Mobilizacja, ramy i dzia\u0142ania ruch\u00f3w queerowych w Polsce<\/em><br><em>&nbsp;<\/em><\/p>\n\n\n\n<p>Dr Justyna Struzik jest laureatk\u0105 Nagrody PTS im. Stanis\u0142awa Ossowskiego za 2020 rok. Zosta\u0142a nagrodzona za ksi\u0105\u017ck\u0119 \u201eSolidarno\u015b\u0107 queerowa. Mobilizacja, ramy i dzia\u0142ania ruch\u00f3w queerowych w Polsce\u201d, wydan\u0105 w Wydawnictwie Uniwersytetu Jagiello\u0144skiego (Krak\u00f3w 2019).<\/p>\n\n\n\n<p><strong>Termin spotkania:<\/strong>&nbsp;24.02.2022 roku (czwartek) w godzinach 17:00-19:00<br><strong>Forma spotkania:<\/strong>&nbsp;On-line, platforma Zoom<br>Link:&nbsp;<a href=\"https:\/\/us06web.zoom.us\/j\/83151459208?pwd=bFVGOHd1aDNRYm9ScXRkbk40Y3JjUT09\" target=\"_blank\" rel=\"noreferrer noopener\">https:\/\/us06web.zoom.us\/j\/83151459208?pwd=bFVGOHd1aDNRYm9ScXRkbk40Y3JjUT09<\/a><\/p>\n\n\n\n<p>Meeting ID: 831 5145 9208<br>Passcode: 309114<\/p>\n\n\n\n<p>Bardzo prosimy, aby do\u0142\u0105czaj\u0105c do spotkania, w nazwie na Zoomie wpisa\u0107 swoje imi\u0119 i nazwisko. Pomo\u017ce to w organizacji spotkania i w jego przebiegu bez zak\u0142\u00f3ce\u0144.<br><\/p>\n\n\n\n<p>Link do wydarzenia na Facebooku:\u00a0<a rel=\"noreferrer noopener\" href=\"https:\/\/www.facebook.com\/events\/985089832115292\" target=\"_blank\">https:\/\/www.facebook.com\/events\/985089832115292<\/a><\/p>\n\n\n\n<div class=\"wp-block-file\"><object class=\"wp-block-file__embed\" data=\"https:\/\/pts.org.pl\/wp-content\/uploads\/2022\/02\/PLAKAT-SOLIDARNOSC-QUEEROWA.pdf\" type=\"application\/pdf\" style=\"width:100%;height:600px\" aria-label=\"Osadzone z PLAKAT-SOLIDARNOSC-QUEEROWA.\"><\/object><a href=\"https:\/\/pts.org.pl\/wp-content\/uploads\/2022\/02\/PLAKAT-SOLIDARNOSC-QUEEROWA.pdf\">PLAKAT-SOLIDARNOSC-QUEEROWA<\/a><a href=\"https:\/\/pts.org.pl\/wp-content\/uploads\/2022\/02\/PLAKAT-SOLIDARNOSC-QUEEROWA.pdf\" class=\"wp-block-file__button\" download>Pobierz<\/a><\/div>\n","protected":false},"excerpt":{"rendered":"<p>Oddzia\u0142 \u0141\u00f3dzki Polskiego Towarzystwa Socjologicznego zaprasza na odczyt dr Justyny Struzik (Uniwersytet Jagiello\u0144ski) pt. Solidarno\u015b\u0107 queerowa.Mobilizacja, ramy i dzia\u0142ania ruch\u00f3w queerowych w Polsce&nbsp; Dr Justyna Struzik jest laureatk\u0105 Nagrody PTS im. Stanis\u0142awa Ossowskiego za 2020 rok. Zosta\u0142a nagrodzona za ksi\u0105\u017ck\u0119 \u201eSolidarno\u015b\u0107 queerowa. Mobilizacja, ramy i dzia\u0142ania ruch\u00f3w queerowych w Polsce\u201d, wydan\u0105 w Wydawnictwie Uniwersytetu Jagiello\u0144skiego [&hellip;]<\/p>\n","protected":false},"author":11,"featured_media":0,"comment_status":"open","ping_status":"open","sticky":false,"template":"","format":"standard","meta":[],"categories":[],"tags":[],"_links":{"self":[{"href":"https:\/\/pts.org.pl\/en\/wp-json\/wp\/v2\/posts\/5886"}],"collection":[{"href":"https:\/\/pts.org.pl\/en\/wp-json\/wp\/v2\/posts"}],"about":[{"href":"https:\/\/pts.org.pl\/en\/wp-json\/wp\/v2\/types\/post"}],"author":[{"embeddable":true,"href":"https:\/\/pts.org.pl\/en\/wp-json\/wp\/v2\/users\/11"}],"replies":[{"embeddable":true,"href":"https:\/\/pts.org.pl\/en\/wp-json\/wp\/v2\/comments?post=5886"}],"version-history":[{"count":1,"href":"https:\/\/pts.org.pl\/en\/wp-json\/wp\/v2\/posts\/5886\/revisions"}],"predecessor-version":[{"id":5888,"href":"https:\/\/pts.org.pl\/en\/wp-json\/wp\/v2\/posts\/5886\/revisions\/5888"}],"wp:attachment":[{"href":"https:\/\/pts.org.pl\/en\/wp-json\/wp\/v2\/media?parent=5886"}],"wp:term":[{"taxonomy":"category","embeddable":true,"href":"https:\/\/pts.org.pl\/en\/wp-json\/wp\/v2\/categories?post=5886"},{"taxonomy":"post_tag","embeddable":true,"href":"https:\/\/pts.org.pl\/en\/wp-json\/wp\/v2\/tags?post=5886"}],"curies":[{"name":"wp","href":"https:\/\/api.w.org\/{rel}","templated":true}]}}