{"id":5865,"date":"2022-02-02T03:51:46","date_gmt":"2022-02-02T03:51:46","guid":{"rendered":"https:\/\/pts.org.pl\/?p=5865"},"modified":"2022-02-02T03:51:49","modified_gmt":"2022-02-02T03:51:49","slug":"zaproszenie-na-wyklad-profesor-miroslawy-grabowskiej-pt-mlodzi-ida-zmiany-religijnosci-spoleczenstwa-polskiego","status":"publish","type":"post","link":"https:\/\/pts.org.pl\/en\/zaproszenie-na-wyklad-profesor-miroslawy-grabowskiej-pt-mlodzi-ida-zmiany-religijnosci-spoleczenstwa-polskiego\/","title":{"rendered":"Zaproszenie na wyk\u0142ad Profesor Miros\u0142awy Grabowskiej pt. &#8220;M\u0142odzi id\u0105. Zmiany religijno\u015bci spo\u0142ecze\u0144stwa polskiego&#8221;"},"content":{"rendered":"<div class=\"fcbkbttn_buttons_block\" id=\"fcbkbttn_left\"><div class=\"fcbkbttn_button\">\n                            <a href=\"https:\/\/www.facebook.com\/\" target=\"_blank\">\n                                <img src=\"https:\/\/pts.org.pl\/wp-content\/plugins\/facebook-button-plugin\/images\/standard-facebook-ico.png\" alt=\"Fb-Button\" \/>\n                            <\/a>\n                        <\/div><div class=\"fcbkbttn_like \"><fb:like href=\"https:\/\/pts.org.pl\/en\/zaproszenie-na-wyklad-profesor-miroslawy-grabowskiej-pt-mlodzi-ida-zmiany-religijnosci-spoleczenstwa-polskiego\/\" action=\"like\" colorscheme=\"light\" layout=\"button_count\"  size=\"small\"><\/fb:like><\/div><\/div>\n<p>Szanowni Pa\u0144stwo,\u00a0\u00a0w imieniu Dyrektor Instytutu Socjologii UJ dr hab. Kai Gadowskiej, prof. UJ mam przyjemno\u015b\u0107 serdecznie zaprosi\u0107 Pa\u0144stwa na\u00a0<strong>wyk\u0142ad Profesor Miros\u0142awy Grabowskiej pt.\u00a0<em>M\u0142odzi id\u0105. Zmiany religijno\u015bci spo\u0142ecze\u0144stwa polskiego<\/em><\/strong>, kt\u00f3ry odb\u0119dzie si\u0119 w ramach cyklu\u00a0<em>Spotka\u0144 Mistrzowskich Instytutu Socjologii UJ<\/em>\u00a0\u2013 serii spotka\u0144 on-line z wybitnymi przedstawicielkami i przedstawicielami \u017cycia naukowego w Polsce i na \u015bwiecie.\u00a0\u00a0\u00a0Kilka s\u0142\u00f3w o wyk\u0142adzie:\u00a0\u00a0<em>Obecnie nie zadaje si\u0119 ju\u017c pytania, \u201eczy\u201d religijno\u015b\u0107 spo\u0142ecze\u0144stwa polskiego si\u0119 zmienia, bo dokumentuj\u0105 to liczne badania, tak\u017ce badania CBOS, kt\u00f3re b\u0119d\u0105 tu analizowane. Pytamy raczej \u201ejak\u201d i \u201edlaczego\u201d to si\u0119 dzieje: na czym ten proces polega, jakie s\u0105 jego mechanizmy, jakie czynniki go przyspieszaj\u0105.\u00a0Nie\u0142atwo na te pytania odpowiedzie\u0107. Po pierwsze dlatego, \u017ce religijno\u015b\u0107 jest postaw\u0105 z\u0142o\u017con\u0105, wielowymiarow\u0105 i nie wszystkie jej wymiary musz\u0105 podlega\u0107 zmianom w tym samym tempie; nie wszystkie s\u0105 te\u017c uwzgl\u0119dniane w badaniach. Po drugie dlatego, \u017ce tak z\u0142o\u017cona postawa jest wielorako powi\u0105zana, a wi\u0119c i wielorako zale\u017cna od spo\u0142ecznego otoczenia.\u00a0Cele mojej prezentacji s\u0105 skromniejsze, ograniczone posiadanymi danymi. Przedstawiona zostanie analiza deklaracji wiary oraz cz\u0119sto\u015bci chodzenia do ko\u015bcio\u0142a. Te dwie cechy traktowane s\u0105 jako swoisty \u201eko\u015bciec\u201d religijno\u015bci, a dokonane ustalenia \u2013 jako podstawa diagnozy procesu zmiany religijno\u015bci. Podj\u0119ta zostanie pr\u00f3ba odpowiedzi na pytanie, od czego te zmiany zale\u017c\u0105 \u2013 od jakich cech, od jakich instytucji: Rodziny (s\u0142abo\u015b\u0107 religijnego wychowania w rodzinie)? Szko\u0142y (niepowodzenie religijnej edukacji w szkole)? Ko\u015bcio\u0142a (wielorako nadwyr\u0119\u017cony wizerunek Ko\u015bcio\u0142a)? Od jakich\u015b wp\u0142yw\u00f3w zewn\u0119trznych?\u00a0<\/em>Profesor Miros\u0142awa Grabowska\u00a0\u00a0\u00a0\u00a0<\/p>\n\n\n\n<p>Wyk\u0142ad odb\u0119dzie si\u0119\u00a0<strong>3 lutego 2022 r.\u00a0<\/strong>(czwartek)<strong>\u00a0o godz. 18:00<\/strong>\u00a0na platformie MsTeams\u00a0link do spotkania:<\/p>\n\n\n\n<p><a rel=\"noreferrer noopener\" href=\"https:\/\/teams.microsoft.com\/l\/meetup-join\/19%3a2ma5YxzjDOm5Z50dUjoAVj6IL2_WC482loApb0Mv2E41%40thread.tacv2\/1642418523398?context=%7b%22Tid%22%3a%22eb0e26eb-bfbe-47d2-9e90-ebd2426dbceb%22%2c%22Oid%22%3a%2270064893-d07f-40d7-b83b-9fe3b0107d73%22%7d\" target=\"_blank\">https:\/\/teams.microsoft.com\/l\/meetup-join\/19%3a2ma5YxzjDOm5Z50dUjoAVj6IL2_WC482loApb0Mv2E41%40thread.tacv2\/1642418523398?context=%7b%22Tid%22%3a%22eb0e26eb-bfbe-47d2-9e90-ebd2426dbceb%22%2c%22Oid%22%3a%2270064893-d07f-40d7-b83b-9fe3b0107d73%22%7d<\/a>\u00a0<\/p>\n\n\n\n<p>kod zespo\u0142u: dw1iss9\u00a0<\/p>\n\n\n\n<p><strong>Prof. dr hab. Miros\u0142awa Grabowska<\/strong>\u00a0pracuje na Wydziale Socjologii Uniwersytetu Warszawskiego. Od 2008 roku jest Dyrektorem CBOS. Interesuje si\u0119 i prowadzi badania z zakresu metodologii, socjologii polityki oraz socjologii religii. Podstawowe publikacje: napisana wsp\u00f3lnie z Tadeuszem Szawielem\u00a0<em>Budowanie demokracji<\/em>\u00a0(2001 i 2003);\u00a0<em>Podzia\u0142 postkomunistyczny. Spo\u0142eczne podstawy polityki w Polsce po 1989 roku<\/em>\u00a0(2004);\u00a0<em>B\u00f3g a sprawa polska. Poza granicami teorii sekularyzacji<\/em>\u00a0(2018);\u00a0<em>The Post-communist Cleavage. Social Bases of Politics in Poland after 1989<\/em>\u00a0(2021).\u00a0By\u0142a visiting scholar na Stanford University (USA), fellow w Institute for Advanced Study, Princeton (USA), visiting professor na University of Wisconsin &#8211; Madison (USA) oraz na Uniwersytecie Jana Gutenberga w Moguncji (Niemcy).\u00a0\u00a0\u00a0<\/p>\n\n\n\n<p><strong>Organizator:<\/strong><br>Instytut Socjologii Uniwersytetu Jagiello\u0144skiego w Krakowie\u00a0<br><\/p>\n\n\n\n<p><strong>Wsp\u00f3\u0142organizatorzy:<\/strong><br>Interdyscyplinarne Centrum Analiz Spo\u0142eczno-Prawnych UJ<br>Sekcja Socjologii Prawa Polskiego Towarzystwa Socjologicznego\u00a0\u00a0<\/p>\n\n\n\n<figure class=\"wp-block-gallery columns-1 is-cropped\"><ul class=\"blocks-gallery-grid\"><li class=\"blocks-gallery-item\"><figure><img loading=\"lazy\" width=\"724\" height=\"1024\" src=\"https:\/\/pts.org.pl\/wp-content\/uploads\/2022\/02\/Mlodzi-ida...-724x1024.png\" alt=\"\" data-id=\"5866\" data-full-url=\"https:\/\/pts.org.pl\/wp-content\/uploads\/2022\/02\/Mlodzi-ida....png\" data-link=\"https:\/\/pts.org.pl\/?attachment_id=5866\" class=\"wp-image-5866\" srcset=\"https:\/\/pts.org.pl\/wp-content\/uploads\/2022\/02\/Mlodzi-ida...-724x1024.png 724w, https:\/\/pts.org.pl\/wp-content\/uploads\/2022\/02\/Mlodzi-ida...-212x300.png 212w, https:\/\/pts.org.pl\/wp-content\/uploads\/2022\/02\/Mlodzi-ida...-768x1086.png 768w, https:\/\/pts.org.pl\/wp-content\/uploads\/2022\/02\/Mlodzi-ida...-1086x1536.png 1086w, https:\/\/pts.org.pl\/wp-content\/uploads\/2022\/02\/Mlodzi-ida...-1448x2048.png 1448w, https:\/\/pts.org.pl\/wp-content\/uploads\/2022\/02\/Mlodzi-ida....png 1587w\" sizes=\"(max-width: 724px) 100vw, 724px\" \/><\/figure><\/li><\/ul><\/figure>\n","protected":false},"excerpt":{"rendered":"<p>Szanowni Pa\u0144stwo,\u00a0\u00a0w imieniu Dyrektor Instytutu Socjologii UJ dr hab. Kai Gadowskiej, prof. UJ mam przyjemno\u015b\u0107 serdecznie zaprosi\u0107 Pa\u0144stwa na\u00a0wyk\u0142ad Profesor Miros\u0142awy Grabowskiej pt.\u00a0M\u0142odzi id\u0105. Zmiany religijno\u015bci spo\u0142ecze\u0144stwa polskiego, kt\u00f3ry odb\u0119dzie si\u0119 w ramach cyklu\u00a0Spotka\u0144 Mistrzowskich Instytutu Socjologii UJ\u00a0\u2013 serii spotka\u0144 on-line z wybitnymi przedstawicielkami i przedstawicielami \u017cycia naukowego w Polsce i na \u015bwiecie.\u00a0\u00a0\u00a0Kilka s\u0142\u00f3w o [&hellip;]<\/p>\n","protected":false},"author":11,"featured_media":0,"comment_status":"open","ping_status":"open","sticky":false,"template":"","format":"standard","meta":[],"categories":[],"tags":[],"_links":{"self":[{"href":"https:\/\/pts.org.pl\/en\/wp-json\/wp\/v2\/posts\/5865"}],"collection":[{"href":"https:\/\/pts.org.pl\/en\/wp-json\/wp\/v2\/posts"}],"about":[{"href":"https:\/\/pts.org.pl\/en\/wp-json\/wp\/v2\/types\/post"}],"author":[{"embeddable":true,"href":"https:\/\/pts.org.pl\/en\/wp-json\/wp\/v2\/users\/11"}],"replies":[{"embeddable":true,"href":"https:\/\/pts.org.pl\/en\/wp-json\/wp\/v2\/comments?post=5865"}],"version-history":[{"count":1,"href":"https:\/\/pts.org.pl\/en\/wp-json\/wp\/v2\/posts\/5865\/revisions"}],"predecessor-version":[{"id":5867,"href":"https:\/\/pts.org.pl\/en\/wp-json\/wp\/v2\/posts\/5865\/revisions\/5867"}],"wp:attachment":[{"href":"https:\/\/pts.org.pl\/en\/wp-json\/wp\/v2\/media?parent=5865"}],"wp:term":[{"taxonomy":"category","embeddable":true,"href":"https:\/\/pts.org.pl\/en\/wp-json\/wp\/v2\/categories?post=5865"},{"taxonomy":"post_tag","embeddable":true,"href":"https:\/\/pts.org.pl\/en\/wp-json\/wp\/v2\/tags?post=5865"}],"curies":[{"name":"wp","href":"https:\/\/api.w.org\/{rel}","templated":true}]}}