{"id":5850,"date":"2022-01-05T09:08:00","date_gmt":"2022-01-05T09:08:00","guid":{"rendered":"https:\/\/pts.org.pl\/?p=5850"},"modified":"2022-01-19T09:14:32","modified_gmt":"2022-01-19T09:14:32","slug":"zaproszenie-do-udzialu-w-seminarium-sekcji-socjologii-zycia-rodzinnego-i-intymnosci-2","status":"publish","type":"post","link":"https:\/\/pts.org.pl\/en\/zaproszenie-do-udzialu-w-seminarium-sekcji-socjologii-zycia-rodzinnego-i-intymnosci-2\/","title":{"rendered":"Zaproszenie do udzia\u0142u w seminarium Sekcji Socjologii \u017bycia Rodzinnego i Intymno\u015bci"},"content":{"rendered":"<div class=\"fcbkbttn_buttons_block\" id=\"fcbkbttn_left\"><div class=\"fcbkbttn_button\">\n                            <a href=\"https:\/\/www.facebook.com\/\" target=\"_blank\">\n                                <img src=\"https:\/\/pts.org.pl\/wp-content\/plugins\/facebook-button-plugin\/images\/standard-facebook-ico.png\" alt=\"Fb-Button\" \/>\n                            <\/a>\n                        <\/div><div class=\"fcbkbttn_like \"><fb:like href=\"https:\/\/pts.org.pl\/en\/zaproszenie-do-udzialu-w-seminarium-sekcji-socjologii-zycia-rodzinnego-i-intymnosci-2\/\" action=\"like\" colorscheme=\"light\" layout=\"button_count\"  size=\"small\"><\/fb:like><\/div><\/div>\n<p>Sekcja Socjologii \u017bycia Rodzinnego i Intymno\u015bci zaprasza na kolejne spotkanie on-line.<\/p>\n\n\n\n<p>Najbli\u017csze spotkanie &#8211; 13 stycznia 2022r. (czwartek), godz. 17.00<\/p>\n\n\n\n<p>Temat: (Samo)izolacja rodzinna os\u00f3b przewlekle choruj\u0105cych psychicznie \u2013 przyczyny, skutki, przeciwdzia\u0142anie<br>Prelegent: dr Mateusz Glinowiecki<br><\/p>\n\n\n\n<p>Link:<br><a rel=\"noreferrer noopener\" href=\"https:\/\/us02web.zoom.us\/j\/85913430416?pwd=UzlmUzFYT2pHekduMkNrS1VGM3I2dz09\" target=\"_blank\">https:\/\/us02web.zoom.us\/j\/85913430416?pwd=UzlmUzFYT2pHekduMkNrS1VGM3I2dz09<\/a><br>Meeting ID: 859 1343 0416<br>Passcode: 693672<\/p>\n\n\n\n<div class=\"wp-block-file\"><object class=\"wp-block-file__embed\" data=\"https:\/\/pts.org.pl\/wp-content\/uploads\/2022\/01\/Seminarium-Sekcji-Socjologii-Z\u0307ycia-Rodzinnego-i-Intymnos\u0301ci_13.01.2022-1.pdf\" type=\"application\/pdf\" style=\"width:100%;height:600px\" aria-label=\"Osadzone z Seminarium-Sekcji-Socjologii-Z\u0307ycia-Rodzinnego-i-Intymnos\u0301ci_13.01.2022-1.\"><\/object><a href=\"https:\/\/pts.org.pl\/wp-content\/uploads\/2022\/01\/Seminarium-Sekcji-Socjologii-Z\u0307ycia-Rodzinnego-i-Intymnos\u0301ci_13.01.2022-1.pdf\">Seminarium-Sekcji-Socjologii-Z\u0307ycia-Rodzinnego-i-Intymnos\u0301ci_13.01.2022-1<\/a><a href=\"https:\/\/pts.org.pl\/wp-content\/uploads\/2022\/01\/Seminarium-Sekcji-Socjologii-Z\u0307ycia-Rodzinnego-i-Intymnos\u0301ci_13.01.2022-1.pdf\" class=\"wp-block-file__button\" download>Pobierz<\/a><\/div>\n","protected":false},"excerpt":{"rendered":"<p>Sekcja Socjologii \u017bycia Rodzinnego i Intymno\u015bci zaprasza na kolejne spotkanie on-line. Najbli\u017csze spotkanie &#8211; 13 stycznia 2022r. (czwartek), godz. 17.00 Temat: (Samo)izolacja rodzinna os\u00f3b przewlekle choruj\u0105cych psychicznie \u2013 przyczyny, skutki, przeciwdzia\u0142aniePrelegent: dr Mateusz Glinowiecki Link:https:\/\/us02web.zoom.us\/j\/85913430416?pwd=UzlmUzFYT2pHekduMkNrS1VGM3I2dz09Meeting ID: 859 1343 0416Passcode: 693672<\/p>\n","protected":false},"author":11,"featured_media":0,"comment_status":"open","ping_status":"open","sticky":false,"template":"","format":"standard","meta":[],"categories":[],"tags":[],"_links":{"self":[{"href":"https:\/\/pts.org.pl\/en\/wp-json\/wp\/v2\/posts\/5850"}],"collection":[{"href":"https:\/\/pts.org.pl\/en\/wp-json\/wp\/v2\/posts"}],"about":[{"href":"https:\/\/pts.org.pl\/en\/wp-json\/wp\/v2\/types\/post"}],"author":[{"embeddable":true,"href":"https:\/\/pts.org.pl\/en\/wp-json\/wp\/v2\/users\/11"}],"replies":[{"embeddable":true,"href":"https:\/\/pts.org.pl\/en\/wp-json\/wp\/v2\/comments?post=5850"}],"version-history":[{"count":1,"href":"https:\/\/pts.org.pl\/en\/wp-json\/wp\/v2\/posts\/5850\/revisions"}],"predecessor-version":[{"id":5852,"href":"https:\/\/pts.org.pl\/en\/wp-json\/wp\/v2\/posts\/5850\/revisions\/5852"}],"wp:attachment":[{"href":"https:\/\/pts.org.pl\/en\/wp-json\/wp\/v2\/media?parent=5850"}],"wp:term":[{"taxonomy":"category","embeddable":true,"href":"https:\/\/pts.org.pl\/en\/wp-json\/wp\/v2\/categories?post=5850"},{"taxonomy":"post_tag","embeddable":true,"href":"https:\/\/pts.org.pl\/en\/wp-json\/wp\/v2\/tags?post=5850"}],"curies":[{"name":"wp","href":"https:\/\/api.w.org\/{rel}","templated":true}]}}