{"id":5845,"date":"2022-01-19T08:31:40","date_gmt":"2022-01-19T08:31:40","guid":{"rendered":"https:\/\/pts.org.pl\/?p=5845"},"modified":"2022-01-19T08:31:42","modified_gmt":"2022-01-19T08:31:42","slug":"socjopercepcja-w-styczniu","status":"publish","type":"post","link":"https:\/\/pts.org.pl\/en\/socjopercepcja-w-styczniu\/","title":{"rendered":"SocjoPercepcja w styczniu!"},"content":{"rendered":"<div class=\"fcbkbttn_buttons_block\" id=\"fcbkbttn_left\"><div class=\"fcbkbttn_button\">\n                            <a href=\"https:\/\/www.facebook.com\/\" target=\"_blank\">\n                                <img src=\"https:\/\/pts.org.pl\/wp-content\/plugins\/facebook-button-plugin\/images\/standard-facebook-ico.png\" alt=\"Fb-Button\" \/>\n                            <\/a>\n                        <\/div><div class=\"fcbkbttn_like \"><fb:like href=\"https:\/\/pts.org.pl\/en\/socjopercepcja-w-styczniu\/\" action=\"like\" colorscheme=\"light\" layout=\"button_count\"  size=\"small\"><\/fb:like><\/div><\/div>\n<p>Oddzia\u0142\u202fWroc\u0142awski Polskiego Towarzystwa Socjologicznego, Instytut Socjologii Uniwersytetu Wroc\u0142awskiego,&nbsp;Dolno\u015bl\u0105ska Szko\u0142a Wy\u017csza,&nbsp;we wsp\u00f3\u0142pracy ze&nbsp;Stref\u0105 Kultury Wroc\u0142aw i Muzeum Wsp\u00f3\u0142czesnym Wroc\u0142aw&nbsp;serdecznie zapraszaj\u0105 do udzia\u0142u&nbsp;w\u202f&nbsp;<strong>SocjoPercepcji\u202fvol. 23<\/strong>\u202f|&nbsp;<strong>Niech\u0119\u0107 wobec szko\u0142y, czyli co? O krytyce systemu i poszukiwaniu alternatyw w edukacji<\/strong>&nbsp;<\/p>\n\n\n\n<p>Spotkanie odb\u0119dzie si\u0119\u202f<strong>26 stycznia\u202f(\u015broda) o godz. 18:00 na \u017cywo w RECEPCJI na ul. Ruskiej 46<\/strong>\u202fwe Wroc\u0142awiu\u202f(oraz w formie transmisji na kanale\u202ffacebookowym\u202fPTS o. Wroc\u0142aw).\u202f&nbsp;<\/p>\n\n\n\n<p><strong>Go\u015bcinie:<\/strong>&nbsp;<\/p>\n\n\n\n<p>dr Katarzyna&nbsp;Gawlicz,&nbsp;Dolno\u015bl\u0105ska Szko\u0142a Wy\u017csza (Wroc\u0142aw),&nbsp;autorka ksi\u0105\u017cki&nbsp;<em>Szko\u0142y demokratyczne w Polsce. Praktykowanie alternatywnej edukacji<\/em>&nbsp;(2020) oraz publikacji na temat m.in. praw dziecka w edukacji, dyskryminacji w szkole czy wykorzystania bada\u0144 w dzia\u0142aniu w kszta\u0142ceniu nauczycieli;&nbsp;&nbsp;&nbsp;<\/p>\n\n\n\n<p>dr Dominika Hofman-Koz\u0142owska,&nbsp;Liceum Sowizdrza\u0142a (Katowice),&nbsp;autorka pracy doktorskiej po\u015bwi\u0119conej pogl\u0105dom tw\u00f3rcy szko\u0142y&nbsp;Summerhill&nbsp;\u2013 Alexandra S. Neilla, zajmuj\u0105ca si\u0119 edukacj\u0105 demokratyczn\u0105 i integraln\u0105, uczestniczka dzia\u0142a\u0144 w zakresie innowacji edukacyjnych,&nbsp;tw\u00f3rczyni powstaj\u0105cej obecnie&nbsp;niepublicznej&nbsp;szko\u0142y ponadpodstawowej Liceum Sowizdrza\u0142a;&nbsp;<\/p>\n\n\n\n<p>dr Marta Wiatr,&nbsp;Akademia Pedagogiki Specjalnej im. Marii Grzegorzewskiej (Warszawa),&nbsp;autorka m.in. bada\u0144 nad rodzicielskimi inicjatywami edukacyjnymi&nbsp;i zaanga\u017cowaniem rodzic\u00f3w w edukacj\u0119 dziecka, kt\u00f3rych wyniki publikowa\u0142a&nbsp;w ostatnich latach&nbsp;w&nbsp;\u201eStudiach Edukacyjnych\u201d, \u201ePedagogice Spo\u0142ecznej\u201d oraz \u201eInternational Journal&nbsp;about&nbsp;Parents&nbsp;in&nbsp;Education\u201d.&nbsp;<\/p>\n\n\n\n<p><strong>Prowadzenie<\/strong>: dr Marcin Starnawski,&nbsp;Dolno\u015bl\u0105ska Szko\u0142a Wy\u017csza (Wroc\u0142aw)&nbsp;&nbsp;<\/p>\n\n\n\n<p>Krytyka szko\u0142y i tradycyjnej edukacji nie jest zjawiskiem nowym&nbsp;i&nbsp;si\u0119ga ponad stulecie wstecz, do&nbsp;wolno\u015bciowych i egalitarnych&nbsp;postulat\u00f3w \u201enowego wychowania\u201d. Jednak&nbsp;dzi\u015b&nbsp;w Polsce, mimo kolejnych reform o\u015bwiatowych,&nbsp;krytyka zdaje si\u0119 pod\u0105\u017ca\u0107 w kierunku, w kt\u00f3rym&nbsp;powszechne szkolnictwo&nbsp;jawi si\u0119&nbsp;mniej&nbsp;jako zdobycz post\u0119pu spo\u0142ecznego XX wieku,&nbsp;a bardziej&nbsp;jako bariera rozwoju&nbsp;nowych pokole\u0144. Niech\u0119\u0107 przejawiaj\u0105 rodzice, kt\u00f3rych aspiracje w zakresie edukacji w\u0142asnych dzieci przekraczaj\u0105 mo\u017cliwo\u015bci plac\u00f3wek.&nbsp;Znane s\u0105 negatywne do\u015bwiadczenia uczni\u00f3w, ich poczucie zagubienia i braku wp\u0142ywu na w\u0142asny proces uczenia si\u0119.&nbsp;R\u00f3wnie\u017c nauczycielki&nbsp;i nauczyciele&nbsp;odczuwaj\u0105 potrzeb\u0119 zmian, czego dowi\u00f3d\u0142 strajk z 2019 roku.&nbsp;Cho\u0107 opinia publiczna nie jest wolna od&nbsp;nieporozumie\u0144&nbsp;i stereotyp\u00f3w, np. na temat&nbsp;pracy&nbsp;nauczycielskiej, obejmuje te\u017c&nbsp;trafne&nbsp;diagnozy&nbsp;w kwestii&nbsp;pedagogicznych i organizacyjnych niedostatk\u00f3w wsp\u00f3\u0142czesnej szko\u0142y.&nbsp;&nbsp;<\/p>\n\n\n\n<p>Podejmowane&nbsp;w Polsce&nbsp;od lat alternatywy edukacyjne&nbsp;w znacznej mierze realizowane s\u0105&nbsp;w plac\u00f3wkach niepublicznych.&nbsp;W ostatniej dekadzie&nbsp;powsta\u0142y&nbsp;oddolne spo\u0142eczno\u015bci ucz\u0105ce si\u0119, zak\u0142adane i wspierane przez rodzic\u00f3w, okre\u015blaj\u0105ce si\u0119&nbsp;niekiedy&nbsp;mianem szk\u00f3\u0142 demokratycznych.&nbsp;Inicjatywy te, cz\u0119sto niemaj\u0105ce sformalizowanego statusu szko\u0142y,&nbsp;wyrastaj\u0105 z krytyki systemu szkolnego oraz z nadziei na&nbsp;stworzenie przestrzeni edukacyjnych lepiej ni\u017c tradycyjna szko\u0142a dbaj\u0105cych o indywidualny i spo\u0142eczny rozw\u00f3j dziecka,&nbsp;funkcjonuj\u0105cych na zasadach wolno\u015bci, r\u00f3wnorz\u0119dno\u015bci i partycypacji.&nbsp;<\/p>\n\n\n\n<p>W dyskusji po\u0142\u0105czymy w\u0105tek krytyki z pytaniami o mo\u017cliwo\u015bci&nbsp;tworzenia szko\u0142y&nbsp;bardziej przyjaznej dzieciom i m\u0142odzie\u017cy oraz&nbsp;lepiej odpowiadaj\u0105cej na wyzwania naszych czas\u00f3w.&nbsp;Za co krytykowany jest obecnie system edukacji&nbsp;oraz&nbsp;kto&nbsp;i dlaczego&nbsp;podejmuje si\u0119 tworzenia \u201einnej szko\u0142y\u201d?&nbsp;Czym s\u0105 owe&nbsp;inicjatywy, jakie maj\u0105 osi\u0105gni\u0119cia i przed jakimi wyzwaniami stoj\u0105? Wreszcie, czy mog\u0105&nbsp;pom\u00f3c wytyczy\u0107 kierunek zmian w edukacji, o potrzebie kt\u00f3rych tak cz\u0119sto dzi\u015b m\u00f3wimy?&nbsp;Inspiracj\u0105&nbsp;do dyskusji b\u0119dzie ksi\u0105\u017cka&nbsp;<em>Szko\u0142y demokratyczne w Polsce<\/em>, kt\u00f3rej autorka zach\u0119ca do pomy\u015blenia o nowych alternatywach edukacyjnych jako&nbsp;o&nbsp;\u201eprefiguracji radykalnej, demokratycznej szko\u0142y powszechnej\u201d.&nbsp;<\/p>\n\n\n\n<p>Link do wydarzenia na Facebooku:\u00a0<a rel=\"noreferrer noopener\" href=\"https:\/\/www.facebook.com\/events\/1068141763969930\/\" target=\"_blank\">https:\/\/www.facebook.com\/events\/1068141763969930\/<\/a><\/p>\n\n\n\n<figure class=\"wp-block-gallery columns-1 is-cropped\"><ul class=\"blocks-gallery-grid\"><li class=\"blocks-gallery-item\"><figure><img loading=\"lazy\" width=\"724\" height=\"1024\" src=\"https:\/\/pts.org.pl\/wp-content\/uploads\/2022\/01\/socjopercepcja-23-plakat-724x1024.jpg\" alt=\"\" data-id=\"5846\" data-full-url=\"https:\/\/pts.org.pl\/wp-content\/uploads\/2022\/01\/socjopercepcja-23-plakat.jpg\" data-link=\"https:\/\/pts.org.pl\/?attachment_id=5846\" class=\"wp-image-5846\" srcset=\"https:\/\/pts.org.pl\/wp-content\/uploads\/2022\/01\/socjopercepcja-23-plakat-724x1024.jpg 724w, https:\/\/pts.org.pl\/wp-content\/uploads\/2022\/01\/socjopercepcja-23-plakat-212x300.jpg 212w, https:\/\/pts.org.pl\/wp-content\/uploads\/2022\/01\/socjopercepcja-23-plakat-768x1086.jpg 768w, https:\/\/pts.org.pl\/wp-content\/uploads\/2022\/01\/socjopercepcja-23-plakat-1086x1536.jpg 1086w, https:\/\/pts.org.pl\/wp-content\/uploads\/2022\/01\/socjopercepcja-23-plakat-1448x2048.jpg 1448w, https:\/\/pts.org.pl\/wp-content\/uploads\/2022\/01\/socjopercepcja-23-plakat.jpg 1754w\" sizes=\"(max-width: 724px) 100vw, 724px\" \/><\/figure><\/li><\/ul><\/figure>\n","protected":false},"excerpt":{"rendered":"<p>Oddzia\u0142\u202fWroc\u0142awski Polskiego Towarzystwa Socjologicznego, Instytut Socjologii Uniwersytetu Wroc\u0142awskiego,&nbsp;Dolno\u015bl\u0105ska Szko\u0142a Wy\u017csza,&nbsp;we wsp\u00f3\u0142pracy ze&nbsp;Stref\u0105 Kultury Wroc\u0142aw i Muzeum Wsp\u00f3\u0142czesnym Wroc\u0142aw&nbsp;serdecznie zapraszaj\u0105 do udzia\u0142u&nbsp;w\u202f&nbsp;SocjoPercepcji\u202fvol. 23\u202f|&nbsp;Niech\u0119\u0107 wobec szko\u0142y, czyli co? O krytyce systemu i poszukiwaniu alternatyw w edukacji&nbsp; Spotkanie odb\u0119dzie si\u0119\u202f26 stycznia\u202f(\u015broda) o godz. 18:00 na \u017cywo w RECEPCJI na ul. Ruskiej 46\u202fwe Wroc\u0142awiu\u202f(oraz w formie transmisji na kanale\u202ffacebookowym\u202fPTS [&hellip;]<\/p>\n","protected":false},"author":11,"featured_media":0,"comment_status":"open","ping_status":"open","sticky":false,"template":"","format":"standard","meta":[],"categories":[],"tags":[],"_links":{"self":[{"href":"https:\/\/pts.org.pl\/en\/wp-json\/wp\/v2\/posts\/5845"}],"collection":[{"href":"https:\/\/pts.org.pl\/en\/wp-json\/wp\/v2\/posts"}],"about":[{"href":"https:\/\/pts.org.pl\/en\/wp-json\/wp\/v2\/types\/post"}],"author":[{"embeddable":true,"href":"https:\/\/pts.org.pl\/en\/wp-json\/wp\/v2\/users\/11"}],"replies":[{"embeddable":true,"href":"https:\/\/pts.org.pl\/en\/wp-json\/wp\/v2\/comments?post=5845"}],"version-history":[{"count":1,"href":"https:\/\/pts.org.pl\/en\/wp-json\/wp\/v2\/posts\/5845\/revisions"}],"predecessor-version":[{"id":5847,"href":"https:\/\/pts.org.pl\/en\/wp-json\/wp\/v2\/posts\/5845\/revisions\/5847"}],"wp:attachment":[{"href":"https:\/\/pts.org.pl\/en\/wp-json\/wp\/v2\/media?parent=5845"}],"wp:term":[{"taxonomy":"category","embeddable":true,"href":"https:\/\/pts.org.pl\/en\/wp-json\/wp\/v2\/categories?post=5845"},{"taxonomy":"post_tag","embeddable":true,"href":"https:\/\/pts.org.pl\/en\/wp-json\/wp\/v2\/tags?post=5845"}],"curies":[{"name":"wp","href":"https:\/\/api.w.org\/{rel}","templated":true}]}}