{"id":5802,"date":"2021-12-03T12:15:00","date_gmt":"2021-12-03T12:15:00","guid":{"rendered":"https:\/\/pts.org.pl\/?p=5802"},"modified":"2021-12-09T12:18:30","modified_gmt":"2021-12-09T12:18:30","slug":"dyskusja-wokol-ksiazki-prof-marka-krajewskiego-nienawidzenia-swiat-przez-nienawisc","status":"publish","type":"post","link":"https:\/\/pts.org.pl\/en\/dyskusja-wokol-ksiazki-prof-marka-krajewskiego-nienawidzenia-swiat-przez-nienawisc\/","title":{"rendered":"Dyskusja wok\u00f3\u0142 ksi\u0105\u017cki prof. Marka Krajewskiego &#8220;(Nie)nawidzenia. \u015awiat przez nienawi\u015b\u0107&#8221;"},"content":{"rendered":"<div class=\"fcbkbttn_buttons_block\" id=\"fcbkbttn_left\"><div class=\"fcbkbttn_button\">\n                            <a href=\"https:\/\/www.facebook.com\/\" target=\"_blank\">\n                                <img src=\"https:\/\/pts.org.pl\/wp-content\/plugins\/facebook-button-plugin\/images\/standard-facebook-ico.png\" alt=\"Fb-Button\" \/>\n                            <\/a>\n                        <\/div><div class=\"fcbkbttn_like \"><fb:like href=\"https:\/\/pts.org.pl\/en\/dyskusja-wokol-ksiazki-prof-marka-krajewskiego-nienawidzenia-swiat-przez-nienawisc\/\" action=\"like\" colorscheme=\"light\" layout=\"button_count\"  size=\"small\"><\/fb:like><\/div><\/div>\n<p>Oddzia\u0142 \u0141\u00f3dzki Polskiego Towarzystwa Socjologicznego zaprasza na dyskusj\u0119 wok\u00f3\u0142 ksi\u0105\u017cki prof. Marka Krajewskiego<\/p>\n\n\n\n<p><strong>&#8220;(Nie)nawidzenia. \u015awiat przez nienawi\u015b\u0107&#8221; (Universitas 2020).<\/strong><\/p>\n\n\n\n<p><strong>Data dyskusji:<\/strong>&nbsp;9.12.2021 r. (czwartek) w godzinach 17:30-19:30<\/p>\n\n\n\n<p><strong>Uczestnicy dyskusji<\/strong><\/p>\n\n\n\n<p>Prof Marek Krajewski (UAM)<\/p>\n\n\n\n<p>Dr Magdalena Nowicka-Franczak (U\u0141)<\/p>\n\n\n\n<p><strong>Dyskusj\u0119 prowadzi<\/strong><\/p>\n\n\n\n<p>Prof. Agnieszka Golczy\u0144ska-Grondas (U\u0141)<\/p>\n\n\n\n<p>Spotkanie odb\u0119dzie si\u0119 on-line na platformie Zoom.<\/p>\n\n\n\n<p>Link do spotkania:&nbsp;<a href=\"https:\/\/us06web.zoom.us\/j\/88404203110?pwd=SlMrZ2dHbUFHUXIydDRsTWJKNCtpZz09\" target=\"_blank\" rel=\"noreferrer noopener\">https:\/\/us06web.zoom.us\/j\/88404203110?pwd=SlMrZ2dHbUFHUXIydDRsTWJKNCtpZz09<\/a><\/p>\n\n\n\n<p>Meeting ID: 884 0420 3110<\/p>\n\n\n\n<p>Passcode: 391837<\/p>\n\n\n\n<p>Link do wydarzenia na Facebooku:\u00a0<a rel=\"noreferrer noopener\" href=\"https:\/\/www.facebook.com\/events\/2186577104866186\/\" target=\"_blank\">https:\/\/www.facebook.com\/events\/2186577104866186\/<\/a><\/p>\n\n\n\n<div class=\"wp-block-file\"><object class=\"wp-block-file__embed\" data=\"https:\/\/pts.org.pl\/wp-content\/uploads\/2021\/12\/PLAKAT-nienawidzenia.pdf\" type=\"application\/pdf\" style=\"width:100%;height:600px\" aria-label=\"Osadzone z PLAKAT - nienawidzenia.\"><\/object><a href=\"https:\/\/pts.org.pl\/wp-content\/uploads\/2021\/12\/PLAKAT-nienawidzenia.pdf\">PLAKAT &#8211; nienawidzenia<\/a><a href=\"https:\/\/pts.org.pl\/wp-content\/uploads\/2021\/12\/PLAKAT-nienawidzenia.pdf\" class=\"wp-block-file__button\" download>Pobierz<\/a><\/div>\n","protected":false},"excerpt":{"rendered":"<p>Oddzia\u0142 \u0141\u00f3dzki Polskiego Towarzystwa Socjologicznego zaprasza na dyskusj\u0119 wok\u00f3\u0142 ksi\u0105\u017cki prof. Marka Krajewskiego &#8220;(Nie)nawidzenia. \u015awiat przez nienawi\u015b\u0107&#8221; (Universitas 2020). Data dyskusji:&nbsp;9.12.2021 r. (czwartek) w godzinach 17:30-19:30 Uczestnicy dyskusji Prof Marek Krajewski (UAM) Dr Magdalena Nowicka-Franczak (U\u0141) Dyskusj\u0119 prowadzi Prof. Agnieszka Golczy\u0144ska-Grondas (U\u0141) Spotkanie odb\u0119dzie si\u0119 on-line na platformie Zoom. Link do spotkania:&nbsp;https:\/\/us06web.zoom.us\/j\/88404203110?pwd=SlMrZ2dHbUFHUXIydDRsTWJKNCtpZz09 Meeting ID: 884 [&hellip;]<\/p>\n","protected":false},"author":11,"featured_media":0,"comment_status":"open","ping_status":"open","sticky":false,"template":"","format":"standard","meta":[],"categories":[],"tags":[],"_links":{"self":[{"href":"https:\/\/pts.org.pl\/en\/wp-json\/wp\/v2\/posts\/5802"}],"collection":[{"href":"https:\/\/pts.org.pl\/en\/wp-json\/wp\/v2\/posts"}],"about":[{"href":"https:\/\/pts.org.pl\/en\/wp-json\/wp\/v2\/types\/post"}],"author":[{"embeddable":true,"href":"https:\/\/pts.org.pl\/en\/wp-json\/wp\/v2\/users\/11"}],"replies":[{"embeddable":true,"href":"https:\/\/pts.org.pl\/en\/wp-json\/wp\/v2\/comments?post=5802"}],"version-history":[{"count":1,"href":"https:\/\/pts.org.pl\/en\/wp-json\/wp\/v2\/posts\/5802\/revisions"}],"predecessor-version":[{"id":5804,"href":"https:\/\/pts.org.pl\/en\/wp-json\/wp\/v2\/posts\/5802\/revisions\/5804"}],"wp:attachment":[{"href":"https:\/\/pts.org.pl\/en\/wp-json\/wp\/v2\/media?parent=5802"}],"wp:term":[{"taxonomy":"category","embeddable":true,"href":"https:\/\/pts.org.pl\/en\/wp-json\/wp\/v2\/categories?post=5802"},{"taxonomy":"post_tag","embeddable":true,"href":"https:\/\/pts.org.pl\/en\/wp-json\/wp\/v2\/tags?post=5802"}],"curies":[{"name":"wp","href":"https:\/\/api.w.org\/{rel}","templated":true}]}}