{"id":5733,"date":"2021-11-08T09:34:00","date_gmt":"2021-11-08T09:34:00","guid":{"rendered":"https:\/\/pts.org.pl\/?p=5733"},"modified":"2021-11-09T09:42:40","modified_gmt":"2021-11-09T09:42:40","slug":"zaproszenie-na-dyskusje-wokol-ksiazki-grzegorza-lysia-dzikie-zadze","status":"publish","type":"post","link":"https:\/\/pts.org.pl\/en\/zaproszenie-na-dyskusje-wokol-ksiazki-grzegorza-lysia-dzikie-zadze\/","title":{"rendered":"Zaproszenie na dyskusj\u0119 wok\u00f3\u0142 ksi\u0105\u017cki Grzegorza \u0141ysia &#8220;Dzikie \u017c\u0105dze&#8221;"},"content":{"rendered":"<div class=\"fcbkbttn_buttons_block\" id=\"fcbkbttn_left\"><div class=\"fcbkbttn_button\">\n                            <a href=\"https:\/\/www.facebook.com\/\" target=\"_blank\">\n                                <img src=\"https:\/\/pts.org.pl\/wp-content\/plugins\/facebook-button-plugin\/images\/standard-facebook-ico.png\" alt=\"Fb-Button\" \/>\n                            <\/a>\n                        <\/div><div class=\"fcbkbttn_like \"><fb:like href=\"https:\/\/pts.org.pl\/en\/zaproszenie-na-dyskusje-wokol-ksiazki-grzegorza-lysia-dzikie-zadze\/\" action=\"like\" colorscheme=\"light\" layout=\"button_count\"  size=\"small\"><\/fb:like><\/div><\/div>\n<p class=\"has-text-align-left\">Sekcja Socjologii Jako\u015bciowej i Symbolicznego Interakcjonizmu, Oddzia\u0142 \u0141\u00f3dzki PTS oraz Wydawnictwo W.A.B. zapraszaj\u0105 na dyskusj\u0119 wok\u00f3\u0142 ksi\u0105\u017cki Grzegorza \u0141ysia <strong>pt. Dzikie \u017c\u0105dze. Bronis\u0142aw Malinowski nie tylko w terenie\u201d<\/strong> <strong>(2021, Wydawnictwo W.A.B.)<\/strong>.<\/p>\n\n\n\n<p><\/p>\n\n\n\n<p>Dyskusja odb\u0119dzie si\u0119\u00a0<strong>17 listopada br. (\u015broda) na platformie Zoom.<\/strong><\/p>\n\n\n\n<p><\/p>\n\n\n\n<p><strong>W spotkaniu wezm\u0105 udzia\u0142:<\/strong><\/p>\n\n\n\n<p>Autor ksi\u0105\u017cki: Grzegorz \u0141y\u015b<\/p>\n\n\n\n<p>oraz paneli\u015bci:<\/p>\n\n\n\n<p>prof. Gra\u017cyna Kubica-Heller (UJ)<\/p>\n\n\n\n<p>prof. Krzysztof \u0141\u0119cki (U\u015a)<\/p>\n\n\n\n<p><strong>Moderatorem dyskusji b\u0119dzie<\/strong>:<\/p>\n\n\n\n<p>prof. Krzysztof T. Konecki (U\u0141)<\/p>\n\n\n\n<p><\/p>\n\n\n\n<p>Dyskusja b\u0119dzie transmitowana na Facebooku.<\/p>\n\n\n\n<p><\/p>\n\n\n\n<p><strong>Link do spotkania na Zoomie:<\/strong><\/p>\n\n\n\n<p><a href=\"https:\/\/us06web.zoom.us\/j\/83342431824?pwd=UzJpRS9SVURoVEJyMXNRUnJjQVZjZz09\">https:\/\/us06web.zoom.us\/j\/83342431824?pwd=UzJpRS9SVURoVEJyMXNRUnJjQVZjZz09<\/a><\/p>\n\n\n\n<p>Meeting ID: 833 4243 1824<\/p>\n\n\n\n<p>Passcode: 049088<\/p>\n\n\n\n<p><\/p>\n\n\n\n<p>Link do wydarzenia na Facebooku:\u00a0<a rel=\"noreferrer noopener\" href=\"https:\/\/www.facebook.com\/events\/556734642054277\" target=\"_blank\">https:\/\/www.facebook.com\/events\/556734642054277<\/a><\/p>\n\n\n\n<div class=\"wp-block-file\"><object class=\"wp-block-file__embed\" data=\"https:\/\/pts.org.pl\/wp-content\/uploads\/2021\/11\/2021-11-17-plakat_dzikie-zadze.pdf\" type=\"application\/pdf\" style=\"width:100%;height:600px\" aria-label=\"Osadzone z 2021-11-17 plakat_dzikie \u017c\u0105dze.\"><\/object><a href=\"https:\/\/pts.org.pl\/wp-content\/uploads\/2021\/11\/2021-11-17-plakat_dzikie-zadze.pdf\">2021-11-17 plakat_dzikie \u017c\u0105dze<\/a><a href=\"https:\/\/pts.org.pl\/wp-content\/uploads\/2021\/11\/2021-11-17-plakat_dzikie-zadze.pdf\" class=\"wp-block-file__button\" download>Pobierz<\/a><\/div>\n","protected":false},"excerpt":{"rendered":"<p>Sekcja Socjologii Jako\u015bciowej i Symbolicznego Interakcjonizmu, Oddzia\u0142 \u0141\u00f3dzki PTS oraz Wydawnictwo W.A.B. zapraszaj\u0105 na dyskusj\u0119 wok\u00f3\u0142 ksi\u0105\u017cki Grzegorza \u0141ysia pt. Dzikie \u017c\u0105dze. Bronis\u0142aw Malinowski nie tylko w terenie\u201d (2021, Wydawnictwo W.A.B.). Dyskusja odb\u0119dzie si\u0119\u00a017 listopada br. (\u015broda) na platformie Zoom. W spotkaniu wezm\u0105 udzia\u0142: Autor ksi\u0105\u017cki: Grzegorz \u0141y\u015b oraz paneli\u015bci: prof. Gra\u017cyna Kubica-Heller (UJ) prof. [&hellip;]<\/p>\n","protected":false},"author":11,"featured_media":0,"comment_status":"open","ping_status":"open","sticky":false,"template":"","format":"standard","meta":[],"categories":[],"tags":[],"_links":{"self":[{"href":"https:\/\/pts.org.pl\/en\/wp-json\/wp\/v2\/posts\/5733"}],"collection":[{"href":"https:\/\/pts.org.pl\/en\/wp-json\/wp\/v2\/posts"}],"about":[{"href":"https:\/\/pts.org.pl\/en\/wp-json\/wp\/v2\/types\/post"}],"author":[{"embeddable":true,"href":"https:\/\/pts.org.pl\/en\/wp-json\/wp\/v2\/users\/11"}],"replies":[{"embeddable":true,"href":"https:\/\/pts.org.pl\/en\/wp-json\/wp\/v2\/comments?post=5733"}],"version-history":[{"count":2,"href":"https:\/\/pts.org.pl\/en\/wp-json\/wp\/v2\/posts\/5733\/revisions"}],"predecessor-version":[{"id":5737,"href":"https:\/\/pts.org.pl\/en\/wp-json\/wp\/v2\/posts\/5733\/revisions\/5737"}],"wp:attachment":[{"href":"https:\/\/pts.org.pl\/en\/wp-json\/wp\/v2\/media?parent=5733"}],"wp:term":[{"taxonomy":"category","embeddable":true,"href":"https:\/\/pts.org.pl\/en\/wp-json\/wp\/v2\/categories?post=5733"},{"taxonomy":"post_tag","embeddable":true,"href":"https:\/\/pts.org.pl\/en\/wp-json\/wp\/v2\/tags?post=5733"}],"curies":[{"name":"wp","href":"https:\/\/api.w.org\/{rel}","templated":true}]}}