{"id":5727,"date":"2021-10-26T19:49:00","date_gmt":"2021-10-26T19:49:00","guid":{"rendered":"https:\/\/pts.org.pl\/?p=5727"},"modified":"2021-10-27T19:52:26","modified_gmt":"2021-10-27T19:52:26","slug":"dzialania-obywatelskie-praktyka-nowe-rozwiazania-i-badania-spoleczne","status":"publish","type":"post","link":"https:\/\/pts.org.pl\/en\/dzialania-obywatelskie-praktyka-nowe-rozwiazania-i-badania-spoleczne\/","title":{"rendered":"Dzia\u0142ania obywatelskie &#8211; praktyka, nowe rozwi\u0105zania i badania spo\u0142eczne"},"content":{"rendered":"<div class=\"fcbkbttn_buttons_block\" id=\"fcbkbttn_left\"><div class=\"fcbkbttn_button\">\n                            <a href=\"https:\/\/www.facebook.com\/\" target=\"_blank\">\n                                <img src=\"https:\/\/pts.org.pl\/wp-content\/plugins\/facebook-button-plugin\/images\/standard-facebook-ico.png\" alt=\"Fb-Button\" \/>\n                            <\/a>\n                        <\/div><div class=\"fcbkbttn_like \"><fb:like href=\"https:\/\/pts.org.pl\/en\/dzialania-obywatelskie-praktyka-nowe-rozwiazania-i-badania-spoleczne\/\" action=\"like\" colorscheme=\"light\" layout=\"button_count\"  size=\"small\"><\/fb:like><\/div><\/div>\n<p><strong>Centrum OPUS w \u0141odzi &#8211; Centrum Innowacji Spo\u0142ecznych U\u0141 &#8211; Oddzia\u0142 \u0141\u00f3dzki PTS<\/strong>\u00a0zapraszaj\u0105 na seminarium otwarte online w po\u0142\u0105czeniu z dyskusj\u0105 w ramach projektu\u00a0\u201cCentrum Analiz i Modeli Spo\u0142ecznych\u201d\u00a0<strong>pt. Dzia\u0142ania obywatelskie &#8211; praktyka, nowe rozwi\u0105zania i badania spo\u0142eczne<\/strong><\/p>\n\n\n\n<p><strong>Seminarium odb\u0119dzie si\u0119 4 listopada 2021 r. (czwartek) w godzinach 17:00-19:00<\/strong>\u00a0<\/p>\n\n\n\n<p>Link do formularza zg\u0142osze\u0144:\u00a0<a rel=\"noreferrer noopener\" href=\"https:\/\/forms.gle\/PK7LrC5SQ1RQjZEJ8\" target=\"_blank\">https:\/\/forms.gle\/PK7LrC5SQ1RQjZEJ8\u00a0<\/a>(Na podstawie zg\u0142osze\u0144 przes\u0142any zostanie link do spotkania)<\/p>\n\n\n\n<p>Program spotkania znajduje si\u0119 w za\u0142\u0105czniku.<\/p>\n\n\n\n<p>Link do wydarzenia na Facebooku:\u00a0<a rel=\"noreferrer noopener\" href=\"https:\/\/www.facebook.com\/events\/1717900431741541\/\" target=\"_blank\">https:\/\/www.facebook.com\/events\/1717900431741541\/<\/a><\/p>\n\n\n\n<div class=\"wp-block-file\"><object class=\"wp-block-file__embed\" data=\"https:\/\/pts.org.pl\/wp-content\/uploads\/2021\/10\/Zaproszenie_4.11.pdf\" type=\"application\/pdf\" style=\"width:100%;height:600px\" aria-label=\"Osadzone z Zaproszenie_4.11.\"><\/object><a href=\"https:\/\/pts.org.pl\/wp-content\/uploads\/2021\/10\/Zaproszenie_4.11.pdf\">Zaproszenie_4.11<\/a><a href=\"https:\/\/pts.org.pl\/wp-content\/uploads\/2021\/10\/Zaproszenie_4.11.pdf\" class=\"wp-block-file__button\" download>Pobierz<\/a><\/div>\n","protected":false},"excerpt":{"rendered":"<p>Centrum OPUS w \u0141odzi &#8211; Centrum Innowacji Spo\u0142ecznych U\u0141 &#8211; Oddzia\u0142 \u0141\u00f3dzki PTS\u00a0zapraszaj\u0105 na seminarium otwarte online w po\u0142\u0105czeniu z dyskusj\u0105 w ramach projektu\u00a0\u201cCentrum Analiz i Modeli Spo\u0142ecznych\u201d\u00a0pt. Dzia\u0142ania obywatelskie &#8211; praktyka, nowe rozwi\u0105zania i badania spo\u0142eczne Seminarium odb\u0119dzie si\u0119 4 listopada 2021 r. (czwartek) w godzinach 17:00-19:00\u00a0 Link do formularza zg\u0142osze\u0144:\u00a0https:\/\/forms.gle\/PK7LrC5SQ1RQjZEJ8\u00a0(Na podstawie zg\u0142osze\u0144 przes\u0142any [&hellip;]<\/p>\n","protected":false},"author":11,"featured_media":0,"comment_status":"open","ping_status":"open","sticky":false,"template":"","format":"standard","meta":[],"categories":[],"tags":[],"_links":{"self":[{"href":"https:\/\/pts.org.pl\/en\/wp-json\/wp\/v2\/posts\/5727"}],"collection":[{"href":"https:\/\/pts.org.pl\/en\/wp-json\/wp\/v2\/posts"}],"about":[{"href":"https:\/\/pts.org.pl\/en\/wp-json\/wp\/v2\/types\/post"}],"author":[{"embeddable":true,"href":"https:\/\/pts.org.pl\/en\/wp-json\/wp\/v2\/users\/11"}],"replies":[{"embeddable":true,"href":"https:\/\/pts.org.pl\/en\/wp-json\/wp\/v2\/comments?post=5727"}],"version-history":[{"count":1,"href":"https:\/\/pts.org.pl\/en\/wp-json\/wp\/v2\/posts\/5727\/revisions"}],"predecessor-version":[{"id":5729,"href":"https:\/\/pts.org.pl\/en\/wp-json\/wp\/v2\/posts\/5727\/revisions\/5729"}],"wp:attachment":[{"href":"https:\/\/pts.org.pl\/en\/wp-json\/wp\/v2\/media?parent=5727"}],"wp:term":[{"taxonomy":"category","embeddable":true,"href":"https:\/\/pts.org.pl\/en\/wp-json\/wp\/v2\/categories?post=5727"},{"taxonomy":"post_tag","embeddable":true,"href":"https:\/\/pts.org.pl\/en\/wp-json\/wp\/v2\/tags?post=5727"}],"curies":[{"name":"wp","href":"https:\/\/api.w.org\/{rel}","templated":true}]}}