{"id":5714,"date":"2021-10-19T08:23:48","date_gmt":"2021-10-19T08:23:48","guid":{"rendered":"https:\/\/pts.org.pl\/?p=5714"},"modified":"2021-10-19T08:33:47","modified_gmt":"2021-10-19T08:33:47","slug":"narodowy-instytut-kultury-i-dziedzictwa-wsi-oglasza-konkurs-dla-magistrow-doktorantow-i-ich-promotorow","status":"publish","type":"post","link":"https:\/\/pts.org.pl\/en\/narodowy-instytut-kultury-i-dziedzictwa-wsi-oglasza-konkurs-dla-magistrow-doktorantow-i-ich-promotorow\/","title":{"rendered":"Narodowy Instytut Kultury i Dziedzictwa Wsi og\u0142asza konkurs dla magistr\u00f3w, doktorant\u00f3w i ich promotor\u00f3w!"},"content":{"rendered":"<div class=\"fcbkbttn_buttons_block\" id=\"fcbkbttn_left\"><div class=\"fcbkbttn_button\">\n                            <a href=\"https:\/\/www.facebook.com\/\" target=\"_blank\">\n                                <img src=\"https:\/\/pts.org.pl\/wp-content\/plugins\/facebook-button-plugin\/images\/standard-facebook-ico.png\" alt=\"Fb-Button\" \/>\n                            <\/a>\n                        <\/div><div class=\"fcbkbttn_like \"><fb:like href=\"https:\/\/pts.org.pl\/en\/narodowy-instytut-kultury-i-dziedzictwa-wsi-oglasza-konkurs-dla-magistrow-doktorantow-i-ich-promotorow\/\" action=\"like\" colorscheme=\"light\" layout=\"button_count\"  size=\"small\"><\/fb:like><\/div><\/div>\n<p>Narodowy Instytut Kultury i Dziedzictwa Wsi og\u0142asza konkurs na najlepsz\u0105 prac\u0119 magistersk\u0105 i doktorsk\u0105 na temat kultury i dziedzictwa obszar\u00f3w wiejskich w Polsce. W konkursie oceniane b\u0119d\u0105 prace doktorskie obronione w latach 2017\u20132021 oraz prace magisterskie bronione w latach 2019\u20132021. Prace mog\u0105 by\u0107 zg\u0142aszane przez autor\u00f3w, promotor\u00f3w, recenzent\u00f3w, jednostki naukowe, instytucje kultury oraz organizacje pozarz\u0105dowe. Patronat nad konkursem obj\u0119li m.in. Minister Rolnictwa i Rozwoju Wsi Grzegorz Puda, Minister Edukacji i Nauki prof. Przemys\u0142aw Czarnek oraz UNESCO.<\/p>\n\n\n\n<p>Do g\u0142\u00f3wnych zada\u0144 Narodowego Instytutu Kultury i Dziedzictwa Wsi nale\u017cy badanie, popularyzowanie, dokumentowanie i poszerzanie wiedzy na temat kultury i dziedzictwa kulturowego mieszka\u0144c\u00f3w obszar\u00f3w wiejskich. Jedn\u0105 z form realizacji tej misji jest wspieranie bada\u0144 naukowych nad kultur\u0105 i dziedzictwem polskiej wsi, czemu ma s\u0142u\u017cy\u0107 konkurs na najlepsz\u0105 prac\u0119 magistersk\u0105 i doktorsk\u0105 \u2013 \u201eKorzenie i skrzyd\u0142a\u201d.<\/p>\n\n\n\n<p>Konkurs kierowany jest do os\u00f3b, kt\u00f3re obroni\u0142y prace magisterskie i doktorskie zwi\u0105zane z r\u00f3\u017cnymi dyscyplinami naukowymi z obszaru nauk humanistycznych, spo\u0142ecznych i nauk o sztuce, tematycznie \u015bci\u015ble odnosz\u0105ce si\u0119 do tradycji i wsp\u00f3\u0142czesno\u015bci szeroko poj\u0119tej kultury wsi i dziedzictwa obszar\u00f3w wiejskich ziem polskich, w tym \u2013 do kultury i dziedzictwa kulturowego miast o tradycjach rolniczych.<\/p>\n\n\n\n<p>Celem konkursu jest popularyzacja wynik\u00f3w oryginalnych bada\u0144 naukowych po\u015bwi\u0119conych kulturze i dziedzictwu obszar\u00f3w wiejskich, wspieranie m\u0142odych naukowc\u00f3w i ich promotor\u00f3w oraz zach\u0119canie ich do kontynuacji bada\u0144 w tym zakresie.`<\/p>\n\n\n\n<p>Do Konkursu mo\u017cna zg\u0142asza\u0107 wy\u0142\u0105cznie prace obronione, niepublikowane, napisane w j\u0119zyku polskim, oryginalne, zawieraj\u0105ce wyniki autorskich bada\u0144 i nowatorskich analiz oraz daj\u0105ce mo\u017cliwo\u015b\u0107 praktycznego wykorzystania wynik\u00f3w bada\u0144 przez r\u00f3\u017cnego typu uczestnik\u00f3w i kreator\u00f3w kultury wsi oraz interesariuszy dziedzictwa obszar\u00f3w wiejskich.<\/p>\n\n\n\n<p class=\"has-text-align-center\">Zg\u0142oszenia mo\u017cna przesy\u0142a\u0107 do dnia 30 listopada 2021 r.<\/p>\n\n\n\n<p class=\"has-text-align-center\"><br>Wi\u0119cej informacji na: www.nikidw.edu.pl <\/p>\n\n\n\n<p class=\"has-text-align-center\"><br>Dla zwyci\u0119zc\u00f3w przewidziane s\u0105 atrakcyjne nagrody finansowe.<\/p>\n\n\n\n<p class=\"has-text-align-center\"><br>Serdecznie zapraszamy!<\/p>\n\n\n\n<figure class=\"wp-block-gallery columns-1 is-cropped\"><ul class=\"blocks-gallery-grid\"><li class=\"blocks-gallery-item\"><figure><img loading=\"lazy\" width=\"900\" height=\"900\" src=\"https:\/\/pts.org.pl\/wp-content\/uploads\/2021\/10\/Konkurs_Korzenie_i_Skrzydla_INTERNET_900x900-4.png\" alt=\"\" data-id=\"5715\" data-full-url=\"https:\/\/pts.org.pl\/wp-content\/uploads\/2021\/10\/Konkurs_Korzenie_i_Skrzydla_INTERNET_900x900-4.png\" data-link=\"https:\/\/pts.org.pl\/?attachment_id=5715\" class=\"wp-image-5715\" srcset=\"https:\/\/pts.org.pl\/wp-content\/uploads\/2021\/10\/Konkurs_Korzenie_i_Skrzydla_INTERNET_900x900-4.png 900w, https:\/\/pts.org.pl\/wp-content\/uploads\/2021\/10\/Konkurs_Korzenie_i_Skrzydla_INTERNET_900x900-4-300x300.png 300w, https:\/\/pts.org.pl\/wp-content\/uploads\/2021\/10\/Konkurs_Korzenie_i_Skrzydla_INTERNET_900x900-4-150x150.png 150w, https:\/\/pts.org.pl\/wp-content\/uploads\/2021\/10\/Konkurs_Korzenie_i_Skrzydla_INTERNET_900x900-4-768x768.png 768w\" sizes=\"(max-width: 900px) 100vw, 900px\" \/><\/figure><\/li><\/ul><\/figure>\n","protected":false},"excerpt":{"rendered":"<p>Narodowy Instytut Kultury i Dziedzictwa Wsi og\u0142asza konkurs na najlepsz\u0105 prac\u0119 magistersk\u0105 i doktorsk\u0105 na temat kultury i dziedzictwa obszar\u00f3w wiejskich w Polsce. W konkursie oceniane b\u0119d\u0105 prace doktorskie obronione w latach 2017\u20132021 oraz prace magisterskie bronione w latach 2019\u20132021. Prace mog\u0105 by\u0107 zg\u0142aszane przez autor\u00f3w, promotor\u00f3w, recenzent\u00f3w, jednostki naukowe, instytucje kultury oraz organizacje pozarz\u0105dowe. [&hellip;]<\/p>\n","protected":false},"author":11,"featured_media":0,"comment_status":"open","ping_status":"open","sticky":false,"template":"","format":"standard","meta":[],"categories":[],"tags":[],"_links":{"self":[{"href":"https:\/\/pts.org.pl\/en\/wp-json\/wp\/v2\/posts\/5714"}],"collection":[{"href":"https:\/\/pts.org.pl\/en\/wp-json\/wp\/v2\/posts"}],"about":[{"href":"https:\/\/pts.org.pl\/en\/wp-json\/wp\/v2\/types\/post"}],"author":[{"embeddable":true,"href":"https:\/\/pts.org.pl\/en\/wp-json\/wp\/v2\/users\/11"}],"replies":[{"embeddable":true,"href":"https:\/\/pts.org.pl\/en\/wp-json\/wp\/v2\/comments?post=5714"}],"version-history":[{"count":3,"href":"https:\/\/pts.org.pl\/en\/wp-json\/wp\/v2\/posts\/5714\/revisions"}],"predecessor-version":[{"id":5720,"href":"https:\/\/pts.org.pl\/en\/wp-json\/wp\/v2\/posts\/5714\/revisions\/5720"}],"wp:attachment":[{"href":"https:\/\/pts.org.pl\/en\/wp-json\/wp\/v2\/media?parent=5714"}],"wp:term":[{"taxonomy":"category","embeddable":true,"href":"https:\/\/pts.org.pl\/en\/wp-json\/wp\/v2\/categories?post=5714"},{"taxonomy":"post_tag","embeddable":true,"href":"https:\/\/pts.org.pl\/en\/wp-json\/wp\/v2\/tags?post=5714"}],"curies":[{"name":"wp","href":"https:\/\/api.w.org\/{rel}","templated":true}]}}