{"id":5697,"date":"2021-10-15T14:19:26","date_gmt":"2021-10-15T14:19:26","guid":{"rendered":"https:\/\/pts.org.pl\/?p=5697"},"modified":"2021-10-15T14:19:27","modified_gmt":"2021-10-15T14:19:27","slug":"stanowisko-zarzadu-glownego-polskiego-towarzystwa-socjologicznego-w-sprawie-kryzysu-humanitarnego-na-granicy-polsko-bialoruskiej","status":"publish","type":"post","link":"https:\/\/pts.org.pl\/en\/stanowisko-zarzadu-glownego-polskiego-towarzystwa-socjologicznego-w-sprawie-kryzysu-humanitarnego-na-granicy-polsko-bialoruskiej\/","title":{"rendered":"Stanowisko Zarz\u0105du G\u0142\u00f3wnego Polskiego Towarzystwa Socjologicznego w sprawie kryzysu humanitarnego na granicy polsko-bia\u0142oruskiej"},"content":{"rendered":"<div class=\"fcbkbttn_buttons_block\" id=\"fcbkbttn_left\"><div class=\"fcbkbttn_button\">\n                            <a href=\"https:\/\/www.facebook.com\/\" target=\"_blank\">\n                                <img src=\"https:\/\/pts.org.pl\/wp-content\/plugins\/facebook-button-plugin\/images\/standard-facebook-ico.png\" alt=\"Fb-Button\" \/>\n                            <\/a>\n                        <\/div><div class=\"fcbkbttn_like \"><fb:like href=\"https:\/\/pts.org.pl\/en\/stanowisko-zarzadu-glownego-polskiego-towarzystwa-socjologicznego-w-sprawie-kryzysu-humanitarnego-na-granicy-polsko-bialoruskiej\/\" action=\"like\" colorscheme=\"light\" layout=\"button_count\"  size=\"small\"><\/fb:like><\/div><\/div>\n<p>W zwi\u0105zku z pog\u0142\u0119biaj\u0105cym si\u0119 od wielu tygodni kryzysem humanitarnym na granicy polsko-bia\u0142oruskiej wyra\u017camy stanowczy sprzeciw wobec dzia\u0142a\u0144 polskich w\u0142adz takich jak:<\/p>\n\n\n\n<p>&#8211; odmowa z\u0142o\u017cenia wniosk\u00f3w o ochron\u0119 mi\u0119dzynarodow\u0105 do w\u0142a\u015bciwych polskich organ\u00f3w przez osoby przebywaj\u0105ce na granicy polsko-bia\u0142oruskiej oraz udzielenia im opieki medycznej oraz pomocy prawnej, kt\u00f3ra narusza podstawowe prawa cz\u0142owieka i jest sprzeczna z konwencjami mi\u0119dzynarodowymi, jakich Polska jest sygnatariuszk\u0105;<\/p>\n\n\n\n<p>&#8211; zakaz wjazdu przedstawicieli medi\u00f3w do pasa granicznego, co uniemo\u017cliwia im wykonywanie ich spo\u0142ecznej misji oraz drastycznie ogranicza prawo opinii publicznej do rzetelnej informacji.<\/p>\n\n\n\n<p>Dehumanizuj\u0105cy j\u0119zyk stosowany przez polskie w\u0142adze do przedstawienia sytuacji w strefie obj\u0119tej stanem wyj\u0105tkowym jest nie do zaakceptowania w kraju respektuj\u0105cym elementarne standardy demokratycznej debaty. Polityka w\u0142adz bia\u0142oruskich nie mo\u017ce by\u0107 usprawiedliwieniem dla nieludzkiego traktowania uchod\u017ac\u00f3w. Polska jako pa\u0144stwo cz\u0142onkowskie Unii Europejskiej posiada w ramach Wsp\u00f3lnego Europejskiego Systemu Azylowego narz\u0119dzia pozwalaj\u0105ce na obj\u0119cie w spos\u00f3b humanitarny pomoc\u0105 os\u00f3b poszukuj\u0105cych ochrony na terenie naszego pa\u0144stwa.<\/p>\n\n\n\n<p>Wyra\u017camy poparcie i solidarno\u015b\u0107 z oddolnymi inicjatywami i organizacjami spo\u0142ecznymi z oddaniem nios\u0105cym wsparcie migrantom i migrantkom na granicy i domagamy si\u0119 natychmiastowych dzia\u0142a\u0144 instytucji publicznych w celu zapewnienia im natychmiastowej opieki medycznej i wsparcia prawnego.<\/p>\n\n\n\n<p>W imieniu Zarz\u0105du G\u0142\u00f3wnego Polskiego Towarzystwa Socjologicznego,<\/p>\n\n\n\n<p>Przewodnicz\u0105cy,<\/p>\n\n\n\n<p>Krzysztof T. Konecki<\/p>\n\n\n\n<div class=\"wp-block-file\"><a href=\"https:\/\/pts.org.pl\/wp-content\/uploads\/2021\/10\/Stanowisko-Zarzadu-Glownego-Polskiego-Towarzystwa-Socjologicznego-2021-10-15.docx\">Stanowisko Zarz\u0105du G\u0142\u00f3wnego Polskiego Towarzystwa Socjologicznego 2021-10-15<\/a><a href=\"https:\/\/pts.org.pl\/wp-content\/uploads\/2021\/10\/Stanowisko-Zarzadu-Glownego-Polskiego-Towarzystwa-Socjologicznego-2021-10-15.docx\" class=\"wp-block-file__button\" download>Pobierz<\/a><\/div>\n","protected":false},"excerpt":{"rendered":"<p>W zwi\u0105zku z pog\u0142\u0119biaj\u0105cym si\u0119 od wielu tygodni kryzysem humanitarnym na granicy polsko-bia\u0142oruskiej wyra\u017camy stanowczy sprzeciw wobec dzia\u0142a\u0144 polskich w\u0142adz takich jak: &#8211; odmowa z\u0142o\u017cenia wniosk\u00f3w o ochron\u0119 mi\u0119dzynarodow\u0105 do w\u0142a\u015bciwych polskich organ\u00f3w przez osoby przebywaj\u0105ce na granicy polsko-bia\u0142oruskiej oraz udzielenia im opieki medycznej oraz pomocy prawnej, kt\u00f3ra narusza podstawowe prawa cz\u0142owieka i jest sprzeczna [&hellip;]<\/p>\n","protected":false},"author":11,"featured_media":0,"comment_status":"open","ping_status":"open","sticky":false,"template":"","format":"standard","meta":[],"categories":[],"tags":[],"_links":{"self":[{"href":"https:\/\/pts.org.pl\/en\/wp-json\/wp\/v2\/posts\/5697"}],"collection":[{"href":"https:\/\/pts.org.pl\/en\/wp-json\/wp\/v2\/posts"}],"about":[{"href":"https:\/\/pts.org.pl\/en\/wp-json\/wp\/v2\/types\/post"}],"author":[{"embeddable":true,"href":"https:\/\/pts.org.pl\/en\/wp-json\/wp\/v2\/users\/11"}],"replies":[{"embeddable":true,"href":"https:\/\/pts.org.pl\/en\/wp-json\/wp\/v2\/comments?post=5697"}],"version-history":[{"count":1,"href":"https:\/\/pts.org.pl\/en\/wp-json\/wp\/v2\/posts\/5697\/revisions"}],"predecessor-version":[{"id":5699,"href":"https:\/\/pts.org.pl\/en\/wp-json\/wp\/v2\/posts\/5697\/revisions\/5699"}],"wp:attachment":[{"href":"https:\/\/pts.org.pl\/en\/wp-json\/wp\/v2\/media?parent=5697"}],"wp:term":[{"taxonomy":"category","embeddable":true,"href":"https:\/\/pts.org.pl\/en\/wp-json\/wp\/v2\/categories?post=5697"},{"taxonomy":"post_tag","embeddable":true,"href":"https:\/\/pts.org.pl\/en\/wp-json\/wp\/v2\/tags?post=5697"}],"curies":[{"name":"wp","href":"https:\/\/api.w.org\/{rel}","templated":true}]}}