{"id":5691,"date":"2021-09-15T10:24:00","date_gmt":"2021-09-15T10:24:00","guid":{"rendered":"https:\/\/pts.org.pl\/?p=5691"},"modified":"2021-10-12T10:27:10","modified_gmt":"2021-10-12T10:27:10","slug":"zmarl-profesor-stanislaw-lisiecki","status":"publish","type":"post","link":"https:\/\/pts.org.pl\/en\/zmarl-profesor-stanislaw-lisiecki\/","title":{"rendered":"Zmar\u0142 Profesor Stanis\u0142aw Lisiecki"},"content":{"rendered":"<div class=\"fcbkbttn_buttons_block\" id=\"fcbkbttn_left\"><div class=\"fcbkbttn_button\">\n                            <a href=\"https:\/\/www.facebook.com\/\" target=\"_blank\">\n                                <img src=\"https:\/\/pts.org.pl\/wp-content\/plugins\/facebook-button-plugin\/images\/standard-facebook-ico.png\" alt=\"Fb-Button\" \/>\n                            <\/a>\n                        <\/div><div class=\"fcbkbttn_like \"><fb:like href=\"https:\/\/pts.org.pl\/en\/zmarl-profesor-stanislaw-lisiecki\/\" action=\"like\" colorscheme=\"light\" layout=\"button_count\"  size=\"small\"><\/fb:like><\/div><\/div>\n<p>Z g\u0142\u0119bokim \u017calem przyj\u0119li\u015bmy informacj\u0119 o \u015bmierci prof. Stanis\u0142awa Lisieckiego.<\/p>\n\n\n\n<p>Uroczysto\u015bci pogrzebowe Profesora odb\u0119d\u0105 si\u0119 w czwartek 16 wrze\u015bnia o godzinie 12:00 na cmentarzu parafialnym w Puszczykowie k. Poznania.<\/p>\n\n\n\n<p>W poni\u017cszym za\u0142\u0105czniku znajd\u0105 Pa\u0144stwo wspomnienie po\u015bwi\u0119cone prof. Stanis\u0142awowi Lisieckiemu.<\/p>\n\n\n\n<div class=\"wp-block-file\"><a href=\"https:\/\/pts.org.pl\/wp-content\/uploads\/2021\/10\/Stanislaw-Lisiecki_1949-2021-1.docx\">Stanislaw-Lisiecki_1949-2021<\/a><a href=\"https:\/\/pts.org.pl\/wp-content\/uploads\/2021\/10\/Stanislaw-Lisiecki_1949-2021-1.docx\" class=\"wp-block-file__button\" download>Pobierz<\/a><\/div>\n","protected":false},"excerpt":{"rendered":"<p>Z g\u0142\u0119bokim \u017calem przyj\u0119li\u015bmy informacj\u0119 o \u015bmierci prof. Stanis\u0142awa Lisieckiego. Uroczysto\u015bci pogrzebowe Profesora odb\u0119d\u0105 si\u0119 w czwartek 16 wrze\u015bnia o godzinie 12:00 na cmentarzu parafialnym w Puszczykowie k. Poznania. W poni\u017cszym za\u0142\u0105czniku znajd\u0105 Pa\u0144stwo wspomnienie po\u015bwi\u0119cone prof. Stanis\u0142awowi Lisieckiemu.<\/p>\n","protected":false},"author":11,"featured_media":0,"comment_status":"open","ping_status":"open","sticky":false,"template":"","format":"standard","meta":[],"categories":[],"tags":[],"_links":{"self":[{"href":"https:\/\/pts.org.pl\/en\/wp-json\/wp\/v2\/posts\/5691"}],"collection":[{"href":"https:\/\/pts.org.pl\/en\/wp-json\/wp\/v2\/posts"}],"about":[{"href":"https:\/\/pts.org.pl\/en\/wp-json\/wp\/v2\/types\/post"}],"author":[{"embeddable":true,"href":"https:\/\/pts.org.pl\/en\/wp-json\/wp\/v2\/users\/11"}],"replies":[{"embeddable":true,"href":"https:\/\/pts.org.pl\/en\/wp-json\/wp\/v2\/comments?post=5691"}],"version-history":[{"count":1,"href":"https:\/\/pts.org.pl\/en\/wp-json\/wp\/v2\/posts\/5691\/revisions"}],"predecessor-version":[{"id":5693,"href":"https:\/\/pts.org.pl\/en\/wp-json\/wp\/v2\/posts\/5691\/revisions\/5693"}],"wp:attachment":[{"href":"https:\/\/pts.org.pl\/en\/wp-json\/wp\/v2\/media?parent=5691"}],"wp:term":[{"taxonomy":"category","embeddable":true,"href":"https:\/\/pts.org.pl\/en\/wp-json\/wp\/v2\/categories?post=5691"},{"taxonomy":"post_tag","embeddable":true,"href":"https:\/\/pts.org.pl\/en\/wp-json\/wp\/v2\/tags?post=5691"}],"curies":[{"name":"wp","href":"https:\/\/api.w.org\/{rel}","templated":true}]}}