{"id":5660,"date":"2021-10-11T15:02:08","date_gmt":"2021-10-11T15:02:08","guid":{"rendered":"https:\/\/pts.org.pl\/?p=5660"},"modified":"2021-10-11T15:04:14","modified_gmt":"2021-10-11T15:04:14","slug":"konferencja-socjologia-religii-a-zmiana-spoleczna-stan-i-perspektywy","status":"publish","type":"post","link":"https:\/\/pts.org.pl\/en\/konferencja-socjologia-religii-a-zmiana-spoleczna-stan-i-perspektywy\/","title":{"rendered":"Konferencja: Socjologia religii a zmiana spo\u0142eczna &#8211; stan i perspektywy"},"content":{"rendered":"<div class=\"fcbkbttn_buttons_block\" id=\"fcbkbttn_left\"><div class=\"fcbkbttn_button\">\n                            <a href=\"https:\/\/www.facebook.com\/\" target=\"_blank\">\n                                <img src=\"https:\/\/pts.org.pl\/wp-content\/plugins\/facebook-button-plugin\/images\/standard-facebook-ico.png\" alt=\"Fb-Button\" \/>\n                            <\/a>\n                        <\/div><div class=\"fcbkbttn_like \"><fb:like href=\"https:\/\/pts.org.pl\/en\/konferencja-socjologia-religii-a-zmiana-spoleczna-stan-i-perspektywy\/\" action=\"like\" colorscheme=\"light\" layout=\"button_count\"  size=\"small\"><\/fb:like><\/div><\/div>\n<p>Katedra Socjologii Religii w Instytucie Nauk Socjologicznych Uniwersytetu Kardyna\u0142a Stefana Wyszy\u0144skiego w Warszawie oraz Sekcja Socjologii Religii Polskiego Towarzystwa Socjologicznego serdecznie zapraszaj\u0105 do czynnego udzia\u0142u w konferencji naukowej Socjologia religii a zmiana spo\u0142eczna \u2013 stan i perspektywy. Pami\u0119ci Ksi\u0119dza Profesora W\u0142adys\u0142awa Piwowarskiego i Profesora Edwarda Ciupaka, zaplanowanej na 1 grudnia 2021 r.<\/p>\n\n\n\n<p>Link do strony konferencji: <a rel=\"noreferrer noopener\" href=\"https:\/\/socjologiareligii.wixsite.com\/konferencja?fbclid=IwAR1uT8Ik3bY7Kp6IXpgrQdrm9UrGt62cu9e9yHGFabTHLMFSJTajVcXbYfQ\" target=\"_blank\">https:\/\/socjologiareligii.wixsite.com\/konferencja<\/a><\/p>\n\n\n\n<p>Zg\u0142oszenia przyjmowane s\u0105 do 15.10.2021 r.<\/p>\n\n\n\n<p>Komitet Organizacyjny<\/p>\n","protected":false},"excerpt":{"rendered":"<p>Katedra Socjologii Religii w Instytucie Nauk Socjologicznych Uniwersytetu Kardyna\u0142a Stefana Wyszy\u0144skiego w Warszawie oraz Sekcja Socjologii Religii Polskiego Towarzystwa Socjologicznego serdecznie zapraszaj\u0105 do czynnego udzia\u0142u w konferencji naukowej Socjologia religii a zmiana spo\u0142eczna \u2013 stan i perspektywy. Pami\u0119ci Ksi\u0119dza Profesora W\u0142adys\u0142awa Piwowarskiego i Profesora Edwarda Ciupaka, zaplanowanej na 1 grudnia 2021 r. Link do strony [&hellip;]<\/p>\n","protected":false},"author":11,"featured_media":0,"comment_status":"open","ping_status":"open","sticky":false,"template":"","format":"standard","meta":[],"categories":[],"tags":[],"_links":{"self":[{"href":"https:\/\/pts.org.pl\/en\/wp-json\/wp\/v2\/posts\/5660"}],"collection":[{"href":"https:\/\/pts.org.pl\/en\/wp-json\/wp\/v2\/posts"}],"about":[{"href":"https:\/\/pts.org.pl\/en\/wp-json\/wp\/v2\/types\/post"}],"author":[{"embeddable":true,"href":"https:\/\/pts.org.pl\/en\/wp-json\/wp\/v2\/users\/11"}],"replies":[{"embeddable":true,"href":"https:\/\/pts.org.pl\/en\/wp-json\/wp\/v2\/comments?post=5660"}],"version-history":[{"count":1,"href":"https:\/\/pts.org.pl\/en\/wp-json\/wp\/v2\/posts\/5660\/revisions"}],"predecessor-version":[{"id":5661,"href":"https:\/\/pts.org.pl\/en\/wp-json\/wp\/v2\/posts\/5660\/revisions\/5661"}],"wp:attachment":[{"href":"https:\/\/pts.org.pl\/en\/wp-json\/wp\/v2\/media?parent=5660"}],"wp:term":[{"taxonomy":"category","embeddable":true,"href":"https:\/\/pts.org.pl\/en\/wp-json\/wp\/v2\/categories?post=5660"},{"taxonomy":"post_tag","embeddable":true,"href":"https:\/\/pts.org.pl\/en\/wp-json\/wp\/v2\/tags?post=5660"}],"curies":[{"name":"wp","href":"https:\/\/api.w.org\/{rel}","templated":true}]}}