{"id":5633,"date":"2021-09-10T07:22:44","date_gmt":"2021-09-10T07:22:44","guid":{"rendered":"https:\/\/pts.org.pl\/?p=5633"},"modified":"2021-09-13T11:51:00","modified_gmt":"2021-09-13T11:51:00","slug":"konferencja-prawo-do-miasta-instytucje-systemy-procesy","status":"publish","type":"post","link":"https:\/\/pts.org.pl\/en\/konferencja-prawo-do-miasta-instytucje-systemy-procesy\/","title":{"rendered":"Konferencja: PRAWO DO MIASTA. INSTYTUCJE, SYSTEMY, PROCESY"},"content":{"rendered":"<div class=\"fcbkbttn_buttons_block\" id=\"fcbkbttn_left\"><div class=\"fcbkbttn_button\">\n                            <a href=\"https:\/\/www.facebook.com\/\" target=\"_blank\">\n                                <img src=\"https:\/\/pts.org.pl\/wp-content\/plugins\/facebook-button-plugin\/images\/standard-facebook-ico.png\" alt=\"Fb-Button\" \/>\n                            <\/a>\n                        <\/div><div class=\"fcbkbttn_like \"><fb:like href=\"https:\/\/pts.org.pl\/en\/konferencja-prawo-do-miasta-instytucje-systemy-procesy\/\" action=\"like\" colorscheme=\"light\" layout=\"button_count\"  size=\"small\"><\/fb:like><\/div><\/div>\n<p>Zak\u0142ad Socjologii Organizacji i Instytucji Instytutu Socjologii Uniwersytetu w Bia\u0142ymstoku wraz z Uni\u0105 Metropolii Polskich im. Paw\u0142a Adamowicza serdecznie zapraszaj\u0105 do udzia\u0142u w og\u00f3lnopolskiej, interdyscyplinarnej konferencji.<\/p>\n\n\n\n<p>Zak\u0142ad Socjologii Organizacji i&nbsp;Instytucji Instytutu Socjologii Uniwersytetu w&nbsp;Bia\u0142ymstoku wraz z&nbsp;Uni\u0105 Metropolii Polskich im.&nbsp;Paw\u0142a Adamowicza serdecznie zapraszaj\u0105 do&nbsp;udzia\u0142u w&nbsp;og\u00f3lnopolskiej, interdyscyplinarnej konferencji pt.<strong>&nbsp;PRAWO DO&nbsp;MIASTA. INSTYTUCJE, SYSTEMY, PROCESY (PDM-2021), 06-10 GRUDNIA 2021 ROKU (TRYB ZDALNY).<\/strong><\/p>\n\n\n\n<p><strong>Sesje tematyczne poprowadz\u0105:<\/strong><\/p>\n\n\n\n<p><strong>SESJA NR&nbsp;1. PROWADZENIE:<\/strong>&nbsp;<em>Prof.&nbsp;dr&nbsp;hab. Hubert Izdebski<\/em>&nbsp;(Uniwersytet SWPS)<\/p>\n\n\n\n<p><strong>SESJA NR&nbsp;2. PROWADZENIE:<\/strong>&nbsp;<em>Dr&nbsp;Maja Biernacka<\/em>&nbsp;(Uniwersytet w&nbsp;Bia\u0142ymstoku) i&nbsp;<em>Prof.&nbsp;dr&nbsp;hab. Marek Szczepa\u0144ski<\/em>&nbsp;(Uniwersytet \u015al\u0105ski w&nbsp;Katowicach)<\/p>\n\n\n\n<p><strong>SESJA NR&nbsp;3. PROWADZENIE:<\/strong><em>&nbsp;Prof.&nbsp;dr&nbsp;hab. Marek Zi\u00f3\u0142kowski<\/em>&nbsp;(Uniwersytet im.&nbsp;Adama Mickiewicza w&nbsp;Poznaniu) i&nbsp;<em>Prof.&nbsp;dr&nbsp;hab. Rafa\u0142 Drozdowski<\/em>&nbsp;(Uniwersytet im.&nbsp;Adama Mickiewicza w&nbsp;Poznaniu)<\/p>\n\n\n\n<p><strong>SESJA NR&nbsp;4. PROWADZENIE:<\/strong>&nbsp;<em>Prof.&nbsp;dr&nbsp;hab. Iwona Sagan<\/em>&nbsp;(Uniwersytet Gda\u0144ski)<\/p>\n\n\n\n<p><strong>SESJA NR&nbsp;5. PROWADZENIE:<\/strong>&nbsp;<em>Prof.&nbsp;dr&nbsp;hab. Pawe\u0142 Starosta<\/em>&nbsp;(Uniwersytet \u0141\u00f3dzki) i&nbsp;<em>Dr&nbsp;hab. Ma\u0142gorzata Dymnicka<\/em>, prof.&nbsp;PG (Politechnika Gda\u0144ska)<\/p>\n\n\n\n<p><strong>SESJA NR&nbsp;6. PROWADZENIE:<\/strong>&nbsp;<em>Dr&nbsp;hab. Barbara Cie\u015bli\u0144ska<\/em>, prof.&nbsp;UwB (Uniwersytet w&nbsp;Bia\u0142ymstoku)<\/p>\n\n\n\n<p><strong>SESJA NR&nbsp;7. PROWADZENIE:<\/strong>&nbsp;<em>Dr&nbsp;hab. Maciej Kowalewski<\/em>, prof.&nbsp;US (Uniwersytet Szczeci\u0144ski)<\/p>\n\n\n\n<p><strong>SESJA NR&nbsp;8. PROWADZENIE:<\/strong>&nbsp;<em>Dr&nbsp;hab. in\u017c.&nbsp;Zbigniew Karaczun<\/em>, prof.&nbsp;SGGW (Szko\u0142a G\u0142\u00f3wna Gospodarstwa Wiejskiego w&nbsp;Warszawie)<\/p>\n\n\n\n<p><strong>SESJA NR&nbsp;9. PROWADZENIE:<\/strong>&nbsp;<em>Prof.&nbsp;dr&nbsp;hab. in\u017c.&nbsp;arch. Ewa Kury\u0142owicz<\/em>&nbsp;(Politechnika Warszawska)<\/p>\n\n\n\n<p><strong>SESJA NR&nbsp;10. PROWADZENIE:<\/strong>&nbsp;<em>Prof.&nbsp;dr&nbsp;hab. in\u017c.&nbsp;arch. Justyna Kobylarczyk<\/em>&nbsp;(Politechnika Krakowska im.&nbsp;Tadeusza Ko\u015bciuszki)<\/p>\n\n\n\n<p><strong>SESJA NR&nbsp;11. PROWADZENIE:<\/strong>&nbsp;<em>Dr&nbsp;hab. Ma\u0142gorzata Pi\u0119ta-Kanurska<\/em>, prof.&nbsp;UE (Uniwersytet Ekonomiczny we&nbsp;Wroc\u0142awiu)<\/p>\n\n\n\n<p><strong>Szczeg\u00f3\u0142owe informacje znajd\u0105 Pa\u0144stwo na&nbsp;stronie&nbsp;PDM-2021:<\/strong>&nbsp;<a href=\"https:\/\/pdm2021.uwb.edu.pl\/wordpress\/\">https:\/\/pdm2021.uwb.edu.pl\/wordpress\/<\/a><\/p>\n\n\n\n<p>W\u015br\u00f3d czasopism wsp\u00f3\u0142pracuj\u0105cych z PDM-2021 jest &#8220;Przegl\u0105d Socjologiczny&#8221;.<\/p>\n\n\n\n<p><em>Serdecznie zapraszamy do&nbsp;sk\u0142adania abstrakt\u00f3w,<\/em><\/p>\n\n\n\n<p><em>Komitet Organizacyjny PDM-2021<\/em><\/p>\n\n\n\n<figure class=\"wp-block-image size-full\"><img loading=\"lazy\" width=\"960\" height=\"476\" src=\"https:\/\/pts.org.pl\/wp-content\/uploads\/2021\/09\/zdjecie-motywu-z-logo.jpg\" alt=\"\" class=\"wp-image-5638\" srcset=\"https:\/\/pts.org.pl\/wp-content\/uploads\/2021\/09\/zdjecie-motywu-z-logo.jpg 960w, https:\/\/pts.org.pl\/wp-content\/uploads\/2021\/09\/zdjecie-motywu-z-logo-300x149.jpg 300w, https:\/\/pts.org.pl\/wp-content\/uploads\/2021\/09\/zdjecie-motywu-z-logo-768x381.jpg 768w\" sizes=\"(max-width: 960px) 100vw, 960px\" \/><\/figure>\n","protected":false},"excerpt":{"rendered":"<p>Zak\u0142ad Socjologii Organizacji i Instytucji Instytutu Socjologii Uniwersytetu w Bia\u0142ymstoku wraz z Uni\u0105 Metropolii Polskich im. Paw\u0142a Adamowicza serdecznie zapraszaj\u0105 do udzia\u0142u w og\u00f3lnopolskiej, interdyscyplinarnej konferencji. Zak\u0142ad Socjologii Organizacji i&nbsp;Instytucji Instytutu Socjologii Uniwersytetu w&nbsp;Bia\u0142ymstoku wraz z&nbsp;Uni\u0105 Metropolii Polskich im.&nbsp;Paw\u0142a Adamowicza serdecznie zapraszaj\u0105 do&nbsp;udzia\u0142u w&nbsp;og\u00f3lnopolskiej, interdyscyplinarnej konferencji pt.&nbsp;PRAWO DO&nbsp;MIASTA. INSTYTUCJE, SYSTEMY, PROCESY (PDM-2021), 06-10 GRUDNIA 2021 [&hellip;]<\/p>\n","protected":false},"author":11,"featured_media":0,"comment_status":"open","ping_status":"open","sticky":false,"template":"","format":"standard","meta":[],"categories":[],"tags":[],"_links":{"self":[{"href":"https:\/\/pts.org.pl\/en\/wp-json\/wp\/v2\/posts\/5633"}],"collection":[{"href":"https:\/\/pts.org.pl\/en\/wp-json\/wp\/v2\/posts"}],"about":[{"href":"https:\/\/pts.org.pl\/en\/wp-json\/wp\/v2\/types\/post"}],"author":[{"embeddable":true,"href":"https:\/\/pts.org.pl\/en\/wp-json\/wp\/v2\/users\/11"}],"replies":[{"embeddable":true,"href":"https:\/\/pts.org.pl\/en\/wp-json\/wp\/v2\/comments?post=5633"}],"version-history":[{"count":3,"href":"https:\/\/pts.org.pl\/en\/wp-json\/wp\/v2\/posts\/5633\/revisions"}],"predecessor-version":[{"id":5639,"href":"https:\/\/pts.org.pl\/en\/wp-json\/wp\/v2\/posts\/5633\/revisions\/5639"}],"wp:attachment":[{"href":"https:\/\/pts.org.pl\/en\/wp-json\/wp\/v2\/media?parent=5633"}],"wp:term":[{"taxonomy":"category","embeddable":true,"href":"https:\/\/pts.org.pl\/en\/wp-json\/wp\/v2\/categories?post=5633"},{"taxonomy":"post_tag","embeddable":true,"href":"https:\/\/pts.org.pl\/en\/wp-json\/wp\/v2\/tags?post=5633"}],"curies":[{"name":"wp","href":"https:\/\/api.w.org\/{rel}","templated":true}]}}