{"id":5612,"date":"2021-08-20T14:24:00","date_gmt":"2021-08-20T14:24:00","guid":{"rendered":"https:\/\/pts.org.pl\/?p=5612"},"modified":"2021-08-24T14:42:33","modified_gmt":"2021-08-24T14:42:33","slug":"numer-ps-opracowany-we-wspolpracy-z-czlonkami-zarzadu-sekcji-socjologii-sztuki-juz-dostepny","status":"publish","type":"post","link":"https:\/\/pts.org.pl\/en\/numer-ps-opracowany-we-wspolpracy-z-czlonkami-zarzadu-sekcji-socjologii-sztuki-juz-dostepny\/","title":{"rendered":"Numer PS opracowany we wsp\u00f3\u0142pracy z cz\u0142onkami Zarz\u0105du Sekcji Socjologii Sztuki ju\u017c dost\u0119pny!"},"content":{"rendered":"<div class=\"fcbkbttn_buttons_block\" id=\"fcbkbttn_left\"><div class=\"fcbkbttn_button\">\n                            <a href=\"https:\/\/www.facebook.com\/\" target=\"_blank\">\n                                <img src=\"https:\/\/pts.org.pl\/wp-content\/plugins\/facebook-button-plugin\/images\/standard-facebook-ico.png\" alt=\"Fb-Button\" \/>\n                            <\/a>\n                        <\/div><div class=\"fcbkbttn_like \"><fb:like href=\"https:\/\/pts.org.pl\/en\/numer-ps-opracowany-we-wspolpracy-z-czlonkami-zarzadu-sekcji-socjologii-sztuki-juz-dostepny\/\" action=\"like\" colorscheme=\"light\" layout=\"button_count\"  size=\"small\"><\/fb:like><\/div><\/div>\n<p>Na stronie \u201ePrzegl\u0105du Socjologicznego\u201d dost\u0119pne s\u0105 ju\u017c wszystkie teksty z zeszytu, nad kt\u00f3rym wsp\u00f3lnie z redakcj\u0105 czasopisma pracowali cz\u0142onkowie Zarz\u0105du Sekcji Socjologii Sztuki PTS. Socjologi\u0119 sztuki reprezentuj\u0105 cztery artyku\u0142y:<\/p>\n\n\n\n<p>1. Przemys\u0142aw Kisiel, \u201eA Young Audience&#8217;s Expectations of a Contemporary Museum of Art\u201d.<\/p>\n\n\n\n<p>2. Barbara Lewicka, \u201eMi\u0119dzy Akademi\u0105 a awangard\u0105. Studium ameryka\u0144skiego pola sztuki prze\u0142omu XIX i XX wieku\u201d.<\/p>\n\n\n\n<p>3. Marek Krajewski, Maciej Fr\u0105ckowiak, \u201eUmiarkowana bezinteresowno\u015b\u0107. Sztuka i pieni\u0105dze w opiniach polskich artyst\u00f3w i artystek\u201d.<\/p>\n\n\n\n<p>4. Izabela Franckiewicz-Olczak, \u201eDziecko w muzeum. Dzia\u0142alno\u015b\u0107 muze\u00f3w w kontek\u015bcie popularyzacji sztuki\u201d.<\/p>\n\n\n\n<p>Ponadto opublikowana zosta\u0142a recenzja autorstwa Kaliny Kukie\u0142ko-Rogozi\u0144skiej. Tekst ten dotyczy ksi\u0105\u017cki Artura Skweresa \u201eMcLuhan\u2019s Galaxies: Science Fiction Film Aesthetics in Light of Marshall McLuhan\u2019s Thought\u201d (Cham: Springer, 2019). Udost\u0119pniono r\u00f3wnie\u017c wspomnienie Marka Nowaka o zmar\u0142ym w tym roku profesorze Jerzym Kaczmarku.<\/p>\n\n\n\n<p>Zach\u0119camy do zapoznawania si\u0119 z tymi materia\u0142ami, a tak\u017ce do lektury pozosta\u0142ych tekst\u00f3w zamieszczonych w numerze (niezwi\u0105zanych wprost z socjologi\u0105 sztuki). Ponownie te\u017c dzi\u0119kujemy za wsp\u00f3\u0142prac\u0119 redakcji \u201ePrzegl\u0105du Socjologicznego\u201d oraz autor(k)om i recenzen(t)kom wszystkich nades\u0142anych tekst\u00f3w.<\/p>\n\n\n\n<p>Zarz\u0105d Sekcji Socjologii Sztuki PTS<\/p>\n\n\n\n<figure class=\"wp-block-gallery columns-1 is-cropped\"><ul class=\"blocks-gallery-grid\"><li class=\"blocks-gallery-item\"><figure><img loading=\"lazy\" width=\"719\" height=\"1024\" src=\"https:\/\/pts.org.pl\/wp-content\/uploads\/2021\/08\/PS-719x1024.png\" alt=\"\" data-id=\"5613\" data-full-url=\"https:\/\/pts.org.pl\/wp-content\/uploads\/2021\/08\/PS.png\" data-link=\"https:\/\/pts.org.pl\/?attachment_id=5613\" class=\"wp-image-5613\" srcset=\"https:\/\/pts.org.pl\/wp-content\/uploads\/2021\/08\/PS-719x1024.png 719w, https:\/\/pts.org.pl\/wp-content\/uploads\/2021\/08\/PS-211x300.png 211w, https:\/\/pts.org.pl\/wp-content\/uploads\/2021\/08\/PS-768x1094.png 768w, https:\/\/pts.org.pl\/wp-content\/uploads\/2021\/08\/PS-1079x1536.png 1079w, https:\/\/pts.org.pl\/wp-content\/uploads\/2021\/08\/PS.png 1300w\" sizes=\"(max-width: 719px) 100vw, 719px\" \/><\/figure><\/li><\/ul><\/figure>\n","protected":false},"excerpt":{"rendered":"<p>Na stronie \u201ePrzegl\u0105du Socjologicznego\u201d dost\u0119pne s\u0105 ju\u017c wszystkie teksty z zeszytu, nad kt\u00f3rym wsp\u00f3lnie z redakcj\u0105 czasopisma pracowali cz\u0142onkowie Zarz\u0105du Sekcji Socjologii Sztuki PTS. Socjologi\u0119 sztuki reprezentuj\u0105 cztery artyku\u0142y: 1. Przemys\u0142aw Kisiel, \u201eA Young Audience&#8217;s Expectations of a Contemporary Museum of Art\u201d. 2. Barbara Lewicka, \u201eMi\u0119dzy Akademi\u0105 a awangard\u0105. Studium ameryka\u0144skiego pola sztuki prze\u0142omu XIX [&hellip;]<\/p>\n","protected":false},"author":11,"featured_media":0,"comment_status":"open","ping_status":"open","sticky":false,"template":"","format":"standard","meta":[],"categories":[],"tags":[],"_links":{"self":[{"href":"https:\/\/pts.org.pl\/en\/wp-json\/wp\/v2\/posts\/5612"}],"collection":[{"href":"https:\/\/pts.org.pl\/en\/wp-json\/wp\/v2\/posts"}],"about":[{"href":"https:\/\/pts.org.pl\/en\/wp-json\/wp\/v2\/types\/post"}],"author":[{"embeddable":true,"href":"https:\/\/pts.org.pl\/en\/wp-json\/wp\/v2\/users\/11"}],"replies":[{"embeddable":true,"href":"https:\/\/pts.org.pl\/en\/wp-json\/wp\/v2\/comments?post=5612"}],"version-history":[{"count":2,"href":"https:\/\/pts.org.pl\/en\/wp-json\/wp\/v2\/posts\/5612\/revisions"}],"predecessor-version":[{"id":5617,"href":"https:\/\/pts.org.pl\/en\/wp-json\/wp\/v2\/posts\/5612\/revisions\/5617"}],"wp:attachment":[{"href":"https:\/\/pts.org.pl\/en\/wp-json\/wp\/v2\/media?parent=5612"}],"wp:term":[{"taxonomy":"category","embeddable":true,"href":"https:\/\/pts.org.pl\/en\/wp-json\/wp\/v2\/categories?post=5612"},{"taxonomy":"post_tag","embeddable":true,"href":"https:\/\/pts.org.pl\/en\/wp-json\/wp\/v2\/tags?post=5612"}],"curies":[{"name":"wp","href":"https:\/\/api.w.org\/{rel}","templated":true}]}}