{"id":5585,"date":"2021-08-03T13:37:56","date_gmt":"2021-08-03T13:37:56","guid":{"rendered":"https:\/\/pts.org.pl\/?p=5585"},"modified":"2021-08-03T13:42:32","modified_gmt":"2021-08-03T13:42:32","slug":"konkurs-o-nagrode-im-profesor-elzbiety-tarkowskiej","status":"publish","type":"post","link":"https:\/\/pts.org.pl\/en\/konkurs-o-nagrode-im-profesor-elzbiety-tarkowskiej\/","title":{"rendered":"Konkurs o nagrod\u0119 im. Profesor El\u017cbiety Tarkowskiej"},"content":{"rendered":"<div class=\"fcbkbttn_buttons_block\" id=\"fcbkbttn_left\"><div class=\"fcbkbttn_button\">\n                            <a href=\"https:\/\/www.facebook.com\/\" target=\"_blank\">\n                                <img src=\"https:\/\/pts.org.pl\/wp-content\/plugins\/facebook-button-plugin\/images\/standard-facebook-ico.png\" alt=\"Fb-Button\" \/>\n                            <\/a>\n                        <\/div><div class=\"fcbkbttn_like \"><fb:like href=\"https:\/\/pts.org.pl\/en\/konkurs-o-nagrode-im-profesor-elzbiety-tarkowskiej\/\" action=\"like\" colorscheme=\"light\" layout=\"button_count\"  size=\"small\"><\/fb:like><\/div><\/div>\n<p>Rusza V edycja Konkursu o nagrod\u0119 im. Profesor El\u017cbiety Tarkowskiej. Wybrane zostan\u0105 najlepsze prace po\u015bwi\u0119cone problematyce ub\u00f3stwa i wykluczenia spo\u0142ecznego. Link do strony www. informuj\u0105cej o uruchomieniu&nbsp;Konkursu:&nbsp;<a href=\"https:\/\/www.gov.pl\/web\/rodzina\/konkurs-dla-naukowcow-i-dziennikarzy2\" target=\"_blank\" rel=\"noreferrer noopener\">https:\/\/www.gov.pl\/web\/rodzina\/konkurs-dla-naukowcow-i-dziennikarzy2<\/a><\/p>\n\n\n\n<p>Do 17 wrze\u015bnia br. prace konkursowe zg\u0142asza\u0107 mog\u0105 autorzy prac naukowych oraz instytucje i&nbsp; towarzystwa naukowe, a tak\u017ce autorzy materia\u0142\u00f3w dziennikarskich, wydawcy prasowi, radiowi, telewizyjni i internetowi, oraz stowarzyszenia zrzeszaj\u0105ce dziennikarzy.<\/p>\n\n\n\n<p>Wi\u0119cej informacji na temat konkursu i przyjmowania zg\u0142osze\u0144 znajduje si\u0119 na stronie BIP ministerstwa pod adresem:&nbsp;<a href=\"https:\/\/www.gov.pl\/web\/rodzina\/ogloszenie-konkursu-o-nagrode-im-profesor-elzbiety-tarkowskiej--edycja-v\" target=\"_blank\" rel=\"noreferrer noopener\">https:\/\/www.gov.pl\/web\/rodzina\/ogloszenie-konkursu-o-nagrode-im-profesor-elzbiety-tarkowskiej&#8211;edycja-v<\/a><\/p>\n\n\n\n<p>Organizatorami Konkursu o nagrod\u0119 im. Profesor El\u017cbiety Tarkowskiej s\u0105: Ministerstwo Rodziny i Polityki Spo\u0142ecznej, Akademia Pedagogiki Specjalnej im. Marii Grzegorzewskiej &#8211; Instytut Filozofii i Socjologii, Instytut Studi\u00f3w Politycznych Polskiej Akademii Nauk &#8211; wydawca kwartalnika \u201eKultura i Spo\u0142ecze\u0144stwo\u201d oraz Polskie Towarzystwo Socjologiczne, kt\u00f3re zainicjowa\u0142o przyznawanie nagrody.<\/p>\n","protected":false},"excerpt":{"rendered":"<p>Rusza V edycja Konkursu o nagrod\u0119 im. Profesor El\u017cbiety Tarkowskiej. Wybrane zostan\u0105 najlepsze prace po\u015bwi\u0119cone problematyce ub\u00f3stwa i wykluczenia spo\u0142ecznego. Link do strony www. informuj\u0105cej o uruchomieniu&nbsp;Konkursu:&nbsp;https:\/\/www.gov.pl\/web\/rodzina\/konkurs-dla-naukowcow-i-dziennikarzy2 Do 17 wrze\u015bnia br. prace konkursowe zg\u0142asza\u0107 mog\u0105 autorzy prac naukowych oraz instytucje i&nbsp; towarzystwa naukowe, a tak\u017ce autorzy materia\u0142\u00f3w dziennikarskich, wydawcy prasowi, radiowi, telewizyjni i internetowi, oraz [&hellip;]<\/p>\n","protected":false},"author":111268,"featured_media":0,"comment_status":"open","ping_status":"open","sticky":false,"template":"","format":"standard","meta":[],"categories":[],"tags":[],"_links":{"self":[{"href":"https:\/\/pts.org.pl\/en\/wp-json\/wp\/v2\/posts\/5585"}],"collection":[{"href":"https:\/\/pts.org.pl\/en\/wp-json\/wp\/v2\/posts"}],"about":[{"href":"https:\/\/pts.org.pl\/en\/wp-json\/wp\/v2\/types\/post"}],"author":[{"embeddable":true,"href":"https:\/\/pts.org.pl\/en\/wp-json\/wp\/v2\/users\/111268"}],"replies":[{"embeddable":true,"href":"https:\/\/pts.org.pl\/en\/wp-json\/wp\/v2\/comments?post=5585"}],"version-history":[{"count":1,"href":"https:\/\/pts.org.pl\/en\/wp-json\/wp\/v2\/posts\/5585\/revisions"}],"predecessor-version":[{"id":5586,"href":"https:\/\/pts.org.pl\/en\/wp-json\/wp\/v2\/posts\/5585\/revisions\/5586"}],"wp:attachment":[{"href":"https:\/\/pts.org.pl\/en\/wp-json\/wp\/v2\/media?parent=5585"}],"wp:term":[{"taxonomy":"category","embeddable":true,"href":"https:\/\/pts.org.pl\/en\/wp-json\/wp\/v2\/categories?post=5585"},{"taxonomy":"post_tag","embeddable":true,"href":"https:\/\/pts.org.pl\/en\/wp-json\/wp\/v2\/tags?post=5585"}],"curies":[{"name":"wp","href":"https:\/\/api.w.org\/{rel}","templated":true}]}}